{"id":7112,"date":"2021-09-24T16:46:47","date_gmt":"2021-09-24T14:46:47","guid":{"rendered":"https:\/\/demohellostudio.it\/oldlcs\/?p=7112"},"modified":"2022-08-02T16:44:36","modified_gmt":"2022-08-02T14:44:36","slug":"lcs-partecipa-allevento-aspettando-intralogistica-italia-2022","status":"publish","type":"post","link":"https:\/\/demohellostudio.it\/oldlcs\/lcs-partecipa-allevento-aspettando-intralogistica-italia-2022\/","title":{"rendered":"LCS partecipa all\u2019evento \u201caspettando intralogistica italia 2022\u201d"},"content":{"rendered":"<div id=\"ultimate-heading-936860b4b72bf252f\" class=\"uvc-heading ult-adjust-bottom-margin ultimate-heading-936860b4b72bf252f uvc-185 \" data-hspacer=\"no_spacer\" data-halign=\"center\">\n<div class=\"uvc-main-heading ult-responsive\" data-ultimate-target=\".uvc-heading.ultimate-heading-936860b4b72bf252f h2\" data-responsive-json-new=\"{&quot;font-size&quot;:&quot;&quot;,&quot;line-height&quot;:&quot;&quot;}\">\n<h2 style=\"text-align: center;\">ASPETTANDO INTRALOGISTICA ITALIA<\/h2>\n<\/div>\n<\/div>\n<div id=\"ultimate-heading-403160b4b72bf256d\" class=\"uvc-heading ult-adjust-bottom-margin ultimate-heading-403160b4b72bf256d uvc-3350 \" style=\"text-align: center;\" data-hspacer=\"no_spacer\" data-halign=\"center\">\n<div class=\"uvc-sub-heading ult-responsive\" data-ultimate-target=\".uvc-heading.ultimate-heading-403160b4b72bf256d .uvc-sub-heading \" data-responsive-json-new=\"{&quot;font-size&quot;:&quot;&quot;,&quot;line-height&quot;:&quot;&quot;}\">\n<h3><em>9 GIUGNO 2021<\/em><\/h3>\n<\/div>\n<\/div>\n<div id=\"ultimate-heading-246460b4b72bf2598\" class=\"uvc-heading ult-adjust-bottom-margin ultimate-heading-246460b4b72bf2598 uvc-3573 \" data-hspacer=\"no_spacer\" data-halign=\"center\">\n<div class=\"uvc-sub-heading ult-responsive\" data-ultimate-target=\".uvc-heading.ultimate-heading-246460b4b72bf2598 .uvc-sub-heading \" data-responsive-json-new=\"{&quot;font-size&quot;:&quot;&quot;,&quot;line-height&quot;:&quot;&quot;}\">\n<h4 style=\"text-align: center;\"><em>Webinar di approfondimento in vista dell\u2019evento Intralogistica Italia 2022<\/em><\/h4>\n<p><a href=\"https:\/\/intralogistica-italia.com\/linnovazione-tecnologica-nella-logistica-di-magazzino-del-settore-fashion\/\"><img decoding=\"async\" class=\"aligncenter wp-image-7113 size-full\" src=\"https:\/\/demohellostudio.it\/oldlcs\/wp-content\/uploads\/2021\/05\/magazzino-fashion_giu2021_apertura_pagina03.jpg\" alt=\"\" width=\"1200\" height=\"451\" srcset=\"https:\/\/demohellostudio.it\/oldlcs\/wp-content\/uploads\/2021\/05\/magazzino-fashion_giu2021_apertura_pagina03.jpg 1200w, https:\/\/demohellostudio.it\/oldlcs\/wp-content\/uploads\/2021\/05\/magazzino-fashion_giu2021_apertura_pagina03-300x113.jpg 300w, https:\/\/demohellostudio.it\/oldlcs\/wp-content\/uploads\/2021\/05\/magazzino-fashion_giu2021_apertura_pagina03-1024x385.jpg 1024w, https:\/\/demohellostudio.it\/oldlcs\/wp-content\/uploads\/2021\/05\/magazzino-fashion_giu2021_apertura_pagina03-768x289.jpg 768w\" sizes=\"(max-width: 1200px) 100vw, 1200px\" \/><\/a><\/p>\n<\/div>\n<\/div>\n<div class=\"vc_row wpb_row vc_row-fluid\">\n<div class=\"wpb_column vc_column_container vc_col-sm-12\">\n<div class=\"vc_column-inner\">\n<div class=\"wpb_wrapper\">\n<div class=\"wpb_text_column wpb_content_element \">\n<div class=\"wpb_wrapper\">\n<p>Il webinar del 9 giugno, organizzato da\u00a0<strong>INTRALOGISTICA ITALIA<\/strong>\u00a0in collaborazione con\u00a0<strong>WORLD CAPITAL<\/strong>, vuole fare il punto della situazione post pandemia sulla\u00a0<strong>Supply Chain Fashion<\/strong>\u00a0e sull\u2019<strong>innovazione tecnologica<\/strong>\u00a0e sull\u2019<strong>automazione della logistica interna<\/strong>\u00a0ai magazzini fashion.<\/p>\n<p>Dopo una breve introduzione sugli ultimi trend del mercato immobiliare logistico, ci sar\u00e0 una tavola rotonda composta da autorevoli player del settore che si\u00a0confronteranno\u00a0sul tema dell\u2019automazione all\u2019interno dei magazzini e nella supply chain del fashion, per capire meglio quali sono le soluzioni innovative pi\u00f9 performanti nella filiera logistica.<\/p>\n<p>In tale occasione\u00a0<strong>LCS<\/strong>\u00a0presenter\u00e0 un\u00a0<strong>caso pratico di\u00a0<a href=\"https:\/\/demohellostudio.it\/oldlcs\/soluzioni\/service-e-revamping\/\">revamping<\/a>\u00a0di un magazzino automatico progettato 20 anni fa<\/strong>, che non riuscendo pi\u00f9 a rispondere alle rinnovate esigenze del cliente e del mercato, si \u00e8 affidata a noi per modificare e valorizzare gli investimenti gi\u00e0 fatti.<\/p>\n<p>Inoltre, durante l\u2019intera giornata (9-18) e parallelamente allo svolgersi dell\u2019evento, sar\u00e0 possibile parlare con il Sales Manager LCS che sar\u00e0 disponibile in un\u2019area virtuale per eventuali approfondimenti e chiarimenti riguardanti le nostre soluzioni.<\/p>\n<\/div>\n<\/div>\n<\/div>\n<\/div>\n<\/div>\n<\/div>\n<div class=\"vc_row wpb_row vc_row-fluid\">\n<div class=\"wpb_column vc_column_container vc_col-sm-12\">\n<div class=\"vc_column-inner\">\n<div class=\"wpb_wrapper\">\n<div class=\"wpb_text_column wpb_content_element \">\n<div class=\"wpb_wrapper\">\n<p><strong>Partecipare all\u2019evento \u00e8 semplicissimo, sar\u00e0 sufficiente compilare il <a href=\"https:\/\/cms.digivents.net\/Registration\/UserForm3.aspx?CodEvento=991441&amp;IdForm=1182&amp;UK=\">seguente\u00a0form di registrazione<\/a><\/strong><\/p>\n<\/div>\n<div class=\"wpb_text_column wpb_content_element \">\n<div class=\"wpb_wrapper\">\n<p><strong><a href=\"\/oldlcs\/wp-content\/uploads\/2021\/09\/Innovazione-tecnologica-nella-logistica-di-magazzino-del-settore-fashion_CS.pdf\" target=\"_blank\" rel=\"noopener\">Scarica il Comunicato Stampa<\/a><\/strong><\/p>\n<\/div>\n<\/div>\n<div class=\"wpb_wrapper\">\n<p>&nbsp;<\/p>\n<\/div>\n<\/div>\n<div class=\"ult-spacer spacer-60b4b72bf35d0\" data-id=\"60b4b72bf35d0\" data-height=\"10\" data-height-mobile=\"10\" data-height-tab=\"10\" data-height-tab-portrait=\"\" data-height-mobile-landscape=\"\"><\/div>\n<\/div>\n<\/div>\n<\/div>\n<\/div>\n","protected":false},"excerpt":{"rendered":"<p>ASPETTANDO INTRALOGISTICA ITALIA 9 GIUGNO 2021 Webinar di approfondimento in vista dell\u2019evento Intralogistica Italia 2022 Il webinar del 9 giugno, organizzato da\u00a0INTRALOGISTICA ITALIA\u00a0in collaborazione con\u00a0WORLD CAPITAL, vuole fare il punto della situazione post pandemia sulla\u00a0Supply Chain Fashion\u00a0e sull\u2019innovazione tecnologica\u00a0e sull\u2019automazione della logistica interna\u00a0ai magazzini fashion. Dopo una breve introduzione sugli ultimi trend del mercato immobiliare [&hellip;]<\/p>\n","protected":false},"author":10,"featured_media":20313,"comment_status":"open","ping_status":"open","sticky":false,"template":"","format":"standard","meta":{"footnotes":""},"categories":[62],"tags":[],"class_list":["post-7112","post","type-post","status-publish","format-standard","has-post-thumbnail","hentry","category-eventi"],"yoast_head":"<!-- This site is optimized with the Yoast SEO plugin v20.2.1 - https:\/\/yoast.com\/wordpress\/plugins\/seo\/ -->\n<title>LCS partecipa al webinar di avvicinamento a INTRALOGISTICA ITALIA<\/title>\n<meta name=\"description\" content=\"Una speciale occasione per scoprire le innovazioni tecnologiche nella logistica di magazzino del settore fashion.\" \/>\n<meta name=\"robots\" content=\"index, follow, max-snippet:-1, max-image-preview:large, max-video-preview:-1\" \/>\n<link rel=\"canonical\" href=\"https:\/\/demohellostudio.it\/oldlcs\/lcs-partecipa-allevento-aspettando-intralogistica-italia-2022\/\" \/>\n<meta property=\"og:locale\" content=\"it_IT\" \/>\n<meta property=\"og:type\" content=\"article\" \/>\n<meta property=\"og:title\" content=\"LCS partecipa al webinar di avvicinamento a INTRALOGISTICA ITALIA\" \/>\n<meta property=\"og:description\" content=\"Una speciale occasione per scoprire le innovazioni tecnologiche nella logistica di magazzino del settore fashion.\" \/>\n<meta property=\"og:url\" content=\"https:\/\/demohellostudio.it\/oldlcs\/lcs-partecipa-allevento-aspettando-intralogistica-italia-2022\/\" \/>\n<meta property=\"og:site_name\" content=\"LCS - You produce, we move.\" \/>\n<meta property=\"article:published_time\" content=\"2021-09-24T14:46:47+00:00\" \/>\n<meta property=\"article:modified_time\" content=\"2022-08-02T14:44:36+00:00\" \/>\n<meta property=\"og:image\" content=\"https:\/\/demohellostudio.it\/oldlcs\/wp-content\/uploads\/2021\/10\/30.-ASPETTANDO-INTRALOGISTICA.png\" \/>\n\t<meta property=\"og:image:width\" content=\"470\" \/>\n\t<meta property=\"og:image:height\" content=\"320\" \/>\n\t<meta property=\"og:image:type\" content=\"image\/png\" \/>\n<meta name=\"author\" content=\"lcsgroup\" \/>\n<meta name=\"twitter:card\" content=\"summary_large_image\" \/>\n<meta name=\"twitter:label1\" content=\"Scritto da\" \/>\n\t<meta name=\"twitter:data1\" content=\"lcsgroup\" \/>\n\t<meta name=\"twitter:label2\" content=\"Tempo di lettura stimato\" \/>\n\t<meta name=\"twitter:data2\" content=\"2 minuti\" \/>\n<script type=\"application\/ld+json\" class=\"yoast-schema-graph\">{\"@context\":\"https:\/\/schema.org\",\"@graph\":[{\"@type\":\"Article\",\"@id\":\"https:\/\/demohellostudio.it\/oldlcs\/lcs-partecipa-allevento-aspettando-intralogistica-italia-2022\/#article\",\"isPartOf\":{\"@id\":\"https:\/\/demohellostudio.it\/oldlcs\/lcs-partecipa-allevento-aspettando-intralogistica-italia-2022\/\"},\"author\":{\"name\":\"lcsgroup\",\"@id\":\"https:\/\/demohellostudio.it\/oldlcs\/#\/schema\/person\/184a4b9245dc3fb3751d9173da641148\"},\"headline\":\"LCS partecipa all\u2019evento \u201caspettando intralogistica italia 2022\u201d\",\"datePublished\":\"2021-09-24T14:46:47+00:00\",\"dateModified\":\"2022-08-02T14:44:36+00:00\",\"mainEntityOfPage\":{\"@id\":\"https:\/\/demohellostudio.it\/oldlcs\/lcs-partecipa-allevento-aspettando-intralogistica-italia-2022\/\"},\"wordCount\":206,\"commentCount\":0,\"publisher\":{\"@id\":\"https:\/\/demohellostudio.it\/oldlcs\/#organization\"},\"articleSection\":[\"Eventi\"],\"inLanguage\":\"it-IT\",\"potentialAction\":[{\"@type\":\"CommentAction\",\"name\":\"Comment\",\"target\":[\"https:\/\/demohellostudio.it\/oldlcs\/lcs-partecipa-allevento-aspettando-intralogistica-italia-2022\/#respond\"]}]},{\"@type\":\"WebPage\",\"@id\":\"https:\/\/demohellostudio.it\/oldlcs\/lcs-partecipa-allevento-aspettando-intralogistica-italia-2022\/\",\"url\":\"https:\/\/demohellostudio.it\/oldlcs\/lcs-partecipa-allevento-aspettando-intralogistica-italia-2022\/\",\"name\":\"LCS partecipa al webinar di avvicinamento a INTRALOGISTICA ITALIA\",\"isPartOf\":{\"@id\":\"https:\/\/demohellostudio.it\/oldlcs\/#website\"},\"datePublished\":\"2021-09-24T14:46:47+00:00\",\"dateModified\":\"2022-08-02T14:44:36+00:00\",\"description\":\"Una speciale occasione per scoprire le innovazioni tecnologiche nella logistica di magazzino del settore fashion.\",\"breadcrumb\":{\"@id\":\"https:\/\/demohellostudio.it\/oldlcs\/lcs-partecipa-allevento-aspettando-intralogistica-italia-2022\/#breadcrumb\"},\"inLanguage\":\"it-IT\",\"potentialAction\":[{\"@type\":\"ReadAction\",\"target\":[\"https:\/\/demohellostudio.it\/oldlcs\/lcs-partecipa-allevento-aspettando-intralogistica-italia-2022\/\"]}]},{\"@type\":\"BreadcrumbList\",\"@id\":\"https:\/\/demohellostudio.it\/oldlcs\/lcs-partecipa-allevento-aspettando-intralogistica-italia-2022\/#breadcrumb\",\"itemListElement\":[{\"@type\":\"ListItem\",\"position\":1,\"name\":\"Home\",\"item\":\"https:\/\/demohellostudio.it\/oldlcs\/home\/\"},{\"@type\":\"ListItem\",\"position\":2,\"name\":\"LCS partecipa all\u2019evento \u201caspettando intralogistica italia 2022\u201d\"}]},{\"@type\":\"WebSite\",\"@id\":\"https:\/\/demohellostudio.it\/oldlcs\/#website\",\"url\":\"https:\/\/demohellostudio.it\/oldlcs\/\",\"name\":\"LCS - You produce, we move.\",\"description\":\"You produce, we move.\",\"publisher\":{\"@id\":\"https:\/\/demohellostudio.it\/oldlcs\/#organization\"},\"potentialAction\":[{\"@type\":\"SearchAction\",\"target\":{\"@type\":\"EntryPoint\",\"urlTemplate\":\"https:\/\/demohellostudio.it\/oldlcs\/?s={search_term_string}\"},\"query-input\":\"required name=search_term_string\"}],\"inLanguage\":\"it-IT\"},{\"@type\":\"Organization\",\"@id\":\"https:\/\/demohellostudio.it\/oldlcs\/#organization\",\"name\":\"LCS Group\",\"url\":\"https:\/\/demohellostudio.it\/oldlcs\/\",\"logo\":{\"@type\":\"ImageObject\",\"inLanguage\":\"it-IT\",\"@id\":\"https:\/\/demohellostudio.it\/oldlcs\/#\/schema\/logo\/image\/\",\"url\":\"https:\/\/demohellostudio.it\/oldlcs\/wp-content\/uploads\/2021\/05\/lcs-logo@3x.png\",\"contentUrl\":\"https:\/\/demohellostudio.it\/oldlcs\/wp-content\/uploads\/2021\/05\/lcs-logo@3x.png\",\"width\":213,\"height\":99,\"caption\":\"LCS Group\"},\"image\":{\"@id\":\"https:\/\/demohellostudio.it\/oldlcs\/#\/schema\/logo\/image\/\"}},{\"@type\":\"Person\",\"@id\":\"https:\/\/demohellostudio.it\/oldlcs\/#\/schema\/person\/184a4b9245dc3fb3751d9173da641148\",\"name\":\"lcsgroup\",\"image\":{\"@type\":\"ImageObject\",\"inLanguage\":\"it-IT\",\"@id\":\"https:\/\/demohellostudio.it\/oldlcs\/#\/schema\/person\/image\/\",\"url\":\"https:\/\/secure.gravatar.com\/avatar\/484dfec5980f926eb03a4b15b089ff5ba466e2e36022af6de3cb70817588cda1?s=96&d=mm&r=g\",\"contentUrl\":\"https:\/\/secure.gravatar.com\/avatar\/484dfec5980f926eb03a4b15b089ff5ba466e2e36022af6de3cb70817588cda1?s=96&d=mm&r=g\",\"caption\":\"lcsgroup\"}}]}<\/script>\n<!-- \/ Yoast SEO plugin. -->","yoast_head_json":{"title":"LCS partecipa al webinar di avvicinamento a INTRALOGISTICA ITALIA","description":"Una speciale occasione per scoprire le innovazioni tecnologiche nella logistica di magazzino del settore fashion.","robots":{"index":"index","follow":"follow","max-snippet":"max-snippet:-1","max-image-preview":"max-image-preview:large","max-video-preview":"max-video-preview:-1"},"canonical":"https:\/\/demohellostudio.it\/oldlcs\/lcs-partecipa-allevento-aspettando-intralogistica-italia-2022\/","og_locale":"it_IT","og_type":"article","og_title":"LCS partecipa al webinar di avvicinamento a INTRALOGISTICA ITALIA","og_description":"Una speciale occasione per scoprire le innovazioni tecnologiche nella logistica di magazzino del settore fashion.","og_url":"https:\/\/demohellostudio.it\/oldlcs\/lcs-partecipa-allevento-aspettando-intralogistica-italia-2022\/","og_site_name":"LCS - You produce, we move.","article_published_time":"2021-09-24T14:46:47+00:00","article_modified_time":"2022-08-02T14:44:36+00:00","og_image":[{"width":470,"height":320,"url":"https:\/\/demohellostudio.it\/oldlcs\/wp-content\/uploads\/2021\/10\/30.-ASPETTANDO-INTRALOGISTICA.png","type":"image\/png"}],"author":"lcsgroup","twitter_card":"summary_large_image","twitter_misc":{"Scritto da":"lcsgroup","Tempo di lettura stimato":"2 minuti"},"schema":{"@context":"https:\/\/schema.org","@graph":[{"@type":"Article","@id":"https:\/\/demohellostudio.it\/oldlcs\/lcs-partecipa-allevento-aspettando-intralogistica-italia-2022\/#article","isPartOf":{"@id":"https:\/\/demohellostudio.it\/oldlcs\/lcs-partecipa-allevento-aspettando-intralogistica-italia-2022\/"},"author":{"name":"lcsgroup","@id":"https:\/\/demohellostudio.it\/oldlcs\/#\/schema\/person\/184a4b9245dc3fb3751d9173da641148"},"headline":"LCS partecipa all\u2019evento \u201caspettando intralogistica italia 2022\u201d","datePublished":"2021-09-24T14:46:47+00:00","dateModified":"2022-08-02T14:44:36+00:00","mainEntityOfPage":{"@id":"https:\/\/demohellostudio.it\/oldlcs\/lcs-partecipa-allevento-aspettando-intralogistica-italia-2022\/"},"wordCount":206,"commentCount":0,"publisher":{"@id":"https:\/\/demohellostudio.it\/oldlcs\/#organization"},"articleSection":["Eventi"],"inLanguage":"it-IT","potentialAction":[{"@type":"CommentAction","name":"Comment","target":["https:\/\/demohellostudio.it\/oldlcs\/lcs-partecipa-allevento-aspettando-intralogistica-italia-2022\/#respond"]}]},{"@type":"WebPage","@id":"https:\/\/demohellostudio.it\/oldlcs\/lcs-partecipa-allevento-aspettando-intralogistica-italia-2022\/","url":"https:\/\/demohellostudio.it\/oldlcs\/lcs-partecipa-allevento-aspettando-intralogistica-italia-2022\/","name":"LCS partecipa al webinar di avvicinamento a INTRALOGISTICA ITALIA","isPartOf":{"@id":"https:\/\/demohellostudio.it\/oldlcs\/#website"},"datePublished":"2021-09-24T14:46:47+00:00","dateModified":"2022-08-02T14:44:36+00:00","description":"Una speciale occasione per scoprire le innovazioni tecnologiche nella logistica di magazzino del settore fashion.","breadcrumb":{"@id":"https:\/\/demohellostudio.it\/oldlcs\/lcs-partecipa-allevento-aspettando-intralogistica-italia-2022\/#breadcrumb"},"inLanguage":"it-IT","potentialAction":[{"@type":"ReadAction","target":["https:\/\/demohellostudio.it\/oldlcs\/lcs-partecipa-allevento-aspettando-intralogistica-italia-2022\/"]}]},{"@type":"BreadcrumbList","@id":"https:\/\/demohellostudio.it\/oldlcs\/lcs-partecipa-allevento-aspettando-intralogistica-italia-2022\/#breadcrumb","itemListElement":[{"@type":"ListItem","position":1,"name":"Home","item":"https:\/\/demohellostudio.it\/oldlcs\/home\/"},{"@type":"ListItem","position":2,"name":"LCS partecipa all\u2019evento \u201caspettando intralogistica italia 2022\u201d"}]},{"@type":"WebSite","@id":"https:\/\/demohellostudio.it\/oldlcs\/#website","url":"https:\/\/demohellostudio.it\/oldlcs\/","name":"LCS - You produce, we move.","description":"You produce, we move.","publisher":{"@id":"https:\/\/demohellostudio.it\/oldlcs\/#organization"},"potentialAction":[{"@type":"SearchAction","target":{"@type":"EntryPoint","urlTemplate":"https:\/\/demohellostudio.it\/oldlcs\/?s={search_term_string}"},"query-input":"required name=search_term_string"}],"inLanguage":"it-IT"},{"@type":"Organization","@id":"https:\/\/demohellostudio.it\/oldlcs\/#organization","name":"LCS Group","url":"https:\/\/demohellostudio.it\/oldlcs\/","logo":{"@type":"ImageObject","inLanguage":"it-IT","@id":"https:\/\/demohellostudio.it\/oldlcs\/#\/schema\/logo\/image\/","url":"https:\/\/demohellostudio.it\/oldlcs\/wp-content\/uploads\/2021\/05\/lcs-logo@3x.png","contentUrl":"https:\/\/demohellostudio.it\/oldlcs\/wp-content\/uploads\/2021\/05\/lcs-logo@3x.png","width":213,"height":99,"caption":"LCS Group"},"image":{"@id":"https:\/\/demohellostudio.it\/oldlcs\/#\/schema\/logo\/image\/"}},{"@type":"Person","@id":"https:\/\/demohellostudio.it\/oldlcs\/#\/schema\/person\/184a4b9245dc3fb3751d9173da641148","name":"lcsgroup","image":{"@type":"ImageObject","inLanguage":"it-IT","@id":"https:\/\/demohellostudio.it\/oldlcs\/#\/schema\/person\/image\/","url":"https:\/\/secure.gravatar.com\/avatar\/484dfec5980f926eb03a4b15b089ff5ba466e2e36022af6de3cb70817588cda1?s=96&d=mm&r=g","contentUrl":"https:\/\/secure.gravatar.com\/avatar\/484dfec5980f926eb03a4b15b089ff5ba466e2e36022af6de3cb70817588cda1?s=96&d=mm&r=g","caption":"lcsgroup"}}]}},"_links":{"self":[{"href":"https:\/\/demohellostudio.it\/oldlcs\/wp-json\/wp\/v2\/posts\/7112","targetHints":{"allow":["GET"]}}],"collection":[{"href":"https:\/\/demohellostudio.it\/oldlcs\/wp-json\/wp\/v2\/posts"}],"about":[{"href":"https:\/\/demohellostudio.it\/oldlcs\/wp-json\/wp\/v2\/types\/post"}],"author":[{"embeddable":true,"href":"https:\/\/demohellostudio.it\/oldlcs\/wp-json\/wp\/v2\/users\/10"}],"replies":[{"embeddable":true,"href":"https:\/\/demohellostudio.it\/oldlcs\/wp-json\/wp\/v2\/comments?post=7112"}],"version-history":[{"count":6,"href":"https:\/\/demohellostudio.it\/oldlcs\/wp-json\/wp\/v2\/posts\/7112\/revisions"}],"predecessor-version":[{"id":17232,"href":"https:\/\/demohellostudio.it\/oldlcs\/wp-json\/wp\/v2\/posts\/7112\/revisions\/17232"}],"wp:featuredmedia":[{"embeddable":true,"href":"https:\/\/demohellostudio.it\/oldlcs\/wp-json\/wp\/v2\/media\/20313"}],"wp:attachment":[{"href":"https:\/\/demohellostudio.it\/oldlcs\/wp-json\/wp\/v2\/media?parent=7112"}],"wp:term":[{"taxonomy":"category","embeddable":true,"href":"https:\/\/demohellostudio.it\/oldlcs\/wp-json\/wp\/v2\/categories?post=7112"},{"taxonomy":"post_tag","embeddable":true,"href":"https:\/\/demohellostudio.it\/oldlcs\/wp-json\/wp\/v2\/tags?post=7112"}],"curies":[{"name":"wp","href":"https:\/\/api.w.org\/{rel}","templated":true}]}}