{"id":6399,"date":"2021-05-31T16:18:03","date_gmt":"2021-05-31T14:18:03","guid":{"rendered":"https:\/\/demohellostudio.it\/oldlcs\/?p=6399"},"modified":"2022-08-02T17:18:05","modified_gmt":"2022-08-02T15:18:05","slug":"vitale-barberis-canonico-leleganza-parte-dal-magazzino","status":"publish","type":"post","link":"https:\/\/demohellostudio.it\/oldlcs\/vitale-barberis-canonico-leleganza-parte-dal-magazzino\/","title":{"rendered":"Vitale barberis canonico, l\u2019eleganza parte dal magazzino"},"content":{"rendered":"<p><em>A LCS il revamping del magazzino della sede principale di uno tra i pi\u00f9 antichi lanifici del mondo. L\u2019eleganza\u00a0non pu\u00f2 prescindere dalla qualit\u00e0 del magazzino e delle sue movimentazioni.<\/em><\/p>\n<div>\n<p><img decoding=\"async\" class=\"size-medium wp-image-6401 aligncenter\" src=\"https:\/\/demohellostudio.it\/oldlcs\/wp-content\/uploads\/2021\/05\/magazzino-del-futuro-300x300.jpg\" alt=\"\" width=\"300\" height=\"300\" srcset=\"https:\/\/demohellostudio.it\/oldlcs\/wp-content\/uploads\/2021\/05\/magazzino-del-futuro-300x300.jpg 300w, https:\/\/demohellostudio.it\/oldlcs\/wp-content\/uploads\/2021\/05\/magazzino-del-futuro-150x150.jpg 150w, https:\/\/demohellostudio.it\/oldlcs\/wp-content\/uploads\/2021\/05\/magazzino-del-futuro.jpg 500w\" sizes=\"(max-width: 300px) 100vw, 300px\" \/>L\u2019attivit\u00e0 laniera della famiglia Barberis Canonico \u00e8 iniziata nel 1663 a Pratrivero, in provincia di Biella, da dove non si \u00e8 mai spostata, costruendo generazione dopo generazione (sono oramai alla quattordicesima!) una tra le\u00a0<strong>prime aziende mondiali di produzione di tessuti<\/strong>. Nel 2013 l\u2019azienda \u00e8 entrata a far parte del prestigioso club internazionale riservato alle aziende famigliari con almeno duecento anni di storia, Les H\u00e9nokiens.<\/p>\n<p>Per la sua prestigiosa produzione l\u2019azienda conta su circa 500 addetti in 2 stabilimenti nel biellese: nella sede storica di Pratrivero e nell\u2019unit\u00e0 produttiva distaccata di Pray.\u00a0<strong>Nel 2017 il lanificio ha prodotto oltre 10 milioni di metri di tessuto<\/strong>\u00a0con oltre 3.000 varianti.<\/p>\n<p>Una tale produzione necessita di un\u00a0<a href=\"https:\/\/demohellostudio.it\/oldlcs\/it\/prodotti-e-servizi\/magazzini-automatici\/\"><strong>magazzino perfetto<\/strong><\/a>. La clientela ordina le pezze di stoffa per la produzione sartoriale quasi in just-in-time e la fornitura deve essere perfetta e tempestiva.<\/p>\n<p>Vitale Barberis Canonico ricerca costantemente il\u00a0<strong>miglioramento dei servizi<\/strong>\u00a0ai propri clienti e gi\u00e0 nel 2017 aveva iniziato le analisi per una modifica strutturale al magazzino automatico filati.<\/p>\n<p>Vitale Barberis Canonico ha analizzato con LCS le\u00a0<strong>soluzioni ideali<\/strong>\u00a0per rispondere a tutta una serie di esigenze che la produzione e il mercato rendevano necessarie.<\/p>\n<p>Con i suoi\u00a0<strong>interventi strutturali e di software<\/strong>\u00a0LCS ha risposto brillantemente all\u2019esigenza dell\u2019<strong>aumento della\u00a0<\/strong><strong>capacit\u00e0 di stoccaggio<\/strong>. In parallelo LCS ha provveduto al miglioramento dell\u2019efficienza di asservimento del filato semilavorato ai reparti di orditura e tessitura e ad\u00a0<strong>affinare il processo di picking<\/strong>. Il magazzino esprime oggi nel suo complesso\u00a0<strong>maggiore produttivit\u00e0, efficacia ed efficienza<\/strong>\u00a0per assecondare le crescenti esigenze dei clienti.<\/p>\n<p>Il\u00a0<a href=\"https:\/\/demohellostudio.it\/oldlcs\/it\/prodotti-e-servizi\/ammodernamenti-tecnologici\/\"><strong>revamping tecnologico del magazzino<\/strong><\/a>\u00a0ha portato inoltre ad un maggiore controllo sul prodotto oltre a garantire maggiore sicurezza agli operatori allo stato dell\u2019arte.<\/p>\n<p>La\u00a0<strong>ridefinizione dei flussi<\/strong>\u00a0ha risolto la congestione nelle aree di\u00a0<strong>movimentazione merci<\/strong>\u00a0e ha reso il flusso nel magazzino della sede centrale della Vitale Barberis-Canonico coerente con le esigenze di estremo servizio richiesto dalla clientela internazionale del lanificio.<\/p>\n<p>Per il raggiungimento degli obiettivi posti dal cliente, LCS ha intensificato l\u2019<strong>automazione del magazzino\u00a0<\/strong>installando\u00a0<strong>due ulteriori trasloelevatori<\/strong>, portando cos\u00ec il totale a cinque. Le\u00a0<strong>prestazioni<\/strong>\u00a0complessive sono cos\u00ec\u00a0<strong>aumentate del 85%<\/strong>, da 150 UdC \/ora a 280 UdC \/ora.<\/p>\n<p>LCS ha inoltre potenziato il trasporto a mezzo conveyor triplicando le prestazioni da 80 a ben 240 UdC \/ora e ha ricavato in fase di revamping un maggiore numero di baie di picking.<\/p>\n<p>Grazie alla partnership con LCS, Vitale Barberis-Canonico pu\u00f2 ora contare su un\u00a0<strong>magazzino pi\u00f9 efficiente e\u00a0<\/strong><strong>produttivo<\/strong>\u00a0per affrontare con maggiore efficacia le richieste di tessuti di alta gamma della esigente clientela internazionale.<\/p>\n<p><em>Articolo pubblicato su \u201cSole 24 Ore \u2013 30 gennaio \u2013 Speciale intralogistica\u201d<\/em><\/p>\n<\/div>\n","protected":false},"excerpt":{"rendered":"<p>A LCS il revamping del magazzino della sede principale di uno tra i pi\u00f9 antichi lanifici del mondo. L\u2019eleganza\u00a0non pu\u00f2 prescindere dalla qualit\u00e0 del magazzino e delle sue movimentazioni. L\u2019attivit\u00e0 laniera della famiglia Barberis Canonico \u00e8 iniziata nel 1663 a Pratrivero, in provincia di Biella, da dove non si \u00e8 mai spostata, costruendo generazione dopo [&hellip;]<\/p>\n","protected":false},"author":10,"featured_media":6402,"comment_status":"open","ping_status":"open","sticky":false,"template":"","format":"standard","meta":{"footnotes":""},"categories":[6,59],"tags":[],"class_list":["post-6399","post","type-post","status-publish","format-standard","has-post-thumbnail","hentry","category-news","category-press"],"yoast_head":"<!-- This site is optimized with the Yoast SEO plugin v20.2.1 - https:\/\/yoast.com\/wordpress\/plugins\/seo\/ -->\n<title>Vitale barberis canonico, l\u2019eleganza parte dal magazzino | LCS SpA<\/title>\n<meta name=\"robots\" content=\"index, follow, max-snippet:-1, max-image-preview:large, max-video-preview:-1\" \/>\n<link rel=\"canonical\" href=\"https:\/\/demohellostudio.it\/oldlcs\/vitale-barberis-canonico-leleganza-parte-dal-magazzino\/\" \/>\n<meta property=\"og:locale\" content=\"it_IT\" \/>\n<meta property=\"og:type\" content=\"article\" \/>\n<meta property=\"og:title\" content=\"Vitale barberis canonico, l\u2019eleganza parte dal magazzino | LCS SpA\" \/>\n<meta property=\"og:description\" content=\"A LCS il revamping del magazzino della sede principale di uno tra i pi\u00f9 antichi lanifici del mondo. L\u2019eleganza\u00a0non pu\u00f2 prescindere dalla qualit\u00e0 del magazzino e delle sue movimentazioni. L\u2019attivit\u00e0 laniera della famiglia Barberis Canonico \u00e8 iniziata nel 1663 a Pratrivero, in provincia di Biella, da dove non si \u00e8 mai spostata, costruendo generazione dopo [&hellip;]\" \/>\n<meta property=\"og:url\" content=\"https:\/\/demohellostudio.it\/oldlcs\/vitale-barberis-canonico-leleganza-parte-dal-magazzino\/\" \/>\n<meta property=\"og:site_name\" content=\"LCS - You produce, we move.\" \/>\n<meta property=\"article:published_time\" content=\"2021-05-31T14:18:03+00:00\" \/>\n<meta property=\"article:modified_time\" content=\"2022-08-02T15:18:05+00:00\" \/>\n<meta property=\"og:image\" content=\"https:\/\/demohellostudio.it\/oldlcs\/wp-content\/uploads\/2021\/05\/vitale-barberis-483x483-1.jpg\" \/>\n\t<meta property=\"og:image:width\" content=\"483\" \/>\n\t<meta property=\"og:image:height\" content=\"483\" \/>\n\t<meta property=\"og:image:type\" content=\"image\/jpeg\" \/>\n<meta name=\"author\" content=\"lcsgroup\" \/>\n<meta name=\"twitter:card\" content=\"summary_large_image\" \/>\n<meta name=\"twitter:label1\" content=\"Scritto da\" \/>\n\t<meta name=\"twitter:data1\" content=\"lcsgroup\" \/>\n\t<meta name=\"twitter:label2\" content=\"Tempo di lettura stimato\" \/>\n\t<meta name=\"twitter:data2\" content=\"3 minuti\" \/>\n<script type=\"application\/ld+json\" class=\"yoast-schema-graph\">{\"@context\":\"https:\/\/schema.org\",\"@graph\":[{\"@type\":\"Article\",\"@id\":\"https:\/\/demohellostudio.it\/oldlcs\/vitale-barberis-canonico-leleganza-parte-dal-magazzino\/#article\",\"isPartOf\":{\"@id\":\"https:\/\/demohellostudio.it\/oldlcs\/vitale-barberis-canonico-leleganza-parte-dal-magazzino\/\"},\"author\":{\"name\":\"lcsgroup\",\"@id\":\"https:\/\/demohellostudio.it\/oldlcs\/#\/schema\/person\/184a4b9245dc3fb3751d9173da641148\"},\"headline\":\"Vitale barberis canonico, l\u2019eleganza parte dal magazzino\",\"datePublished\":\"2021-05-31T14:18:03+00:00\",\"dateModified\":\"2022-08-02T15:18:05+00:00\",\"mainEntityOfPage\":{\"@id\":\"https:\/\/demohellostudio.it\/oldlcs\/vitale-barberis-canonico-leleganza-parte-dal-magazzino\/\"},\"wordCount\":466,\"commentCount\":0,\"publisher\":{\"@id\":\"https:\/\/demohellostudio.it\/oldlcs\/#organization\"},\"articleSection\":[\"News\",\"Press\"],\"inLanguage\":\"it-IT\",\"potentialAction\":[{\"@type\":\"CommentAction\",\"name\":\"Comment\",\"target\":[\"https:\/\/demohellostudio.it\/oldlcs\/vitale-barberis-canonico-leleganza-parte-dal-magazzino\/#respond\"]}]},{\"@type\":\"WebPage\",\"@id\":\"https:\/\/demohellostudio.it\/oldlcs\/vitale-barberis-canonico-leleganza-parte-dal-magazzino\/\",\"url\":\"https:\/\/demohellostudio.it\/oldlcs\/vitale-barberis-canonico-leleganza-parte-dal-magazzino\/\",\"name\":\"Vitale barberis canonico, l\u2019eleganza parte dal magazzino | LCS SpA\",\"isPartOf\":{\"@id\":\"https:\/\/demohellostudio.it\/oldlcs\/#website\"},\"datePublished\":\"2021-05-31T14:18:03+00:00\",\"dateModified\":\"2022-08-02T15:18:05+00:00\",\"breadcrumb\":{\"@id\":\"https:\/\/demohellostudio.it\/oldlcs\/vitale-barberis-canonico-leleganza-parte-dal-magazzino\/#breadcrumb\"},\"inLanguage\":\"it-IT\",\"potentialAction\":[{\"@type\":\"ReadAction\",\"target\":[\"https:\/\/demohellostudio.it\/oldlcs\/vitale-barberis-canonico-leleganza-parte-dal-magazzino\/\"]}]},{\"@type\":\"BreadcrumbList\",\"@id\":\"https:\/\/demohellostudio.it\/oldlcs\/vitale-barberis-canonico-leleganza-parte-dal-magazzino\/#breadcrumb\",\"itemListElement\":[{\"@type\":\"ListItem\",\"position\":1,\"name\":\"Home\",\"item\":\"https:\/\/demohellostudio.it\/oldlcs\/home\/\"},{\"@type\":\"ListItem\",\"position\":2,\"name\":\"Vitale barberis canonico, l\u2019eleganza parte dal magazzino\"}]},{\"@type\":\"WebSite\",\"@id\":\"https:\/\/demohellostudio.it\/oldlcs\/#website\",\"url\":\"https:\/\/demohellostudio.it\/oldlcs\/\",\"name\":\"LCS - You produce, we move.\",\"description\":\"You produce, we move.\",\"publisher\":{\"@id\":\"https:\/\/demohellostudio.it\/oldlcs\/#organization\"},\"potentialAction\":[{\"@type\":\"SearchAction\",\"target\":{\"@type\":\"EntryPoint\",\"urlTemplate\":\"https:\/\/demohellostudio.it\/oldlcs\/?s={search_term_string}\"},\"query-input\":\"required name=search_term_string\"}],\"inLanguage\":\"it-IT\"},{\"@type\":\"Organization\",\"@id\":\"https:\/\/demohellostudio.it\/oldlcs\/#organization\",\"name\":\"LCS Group\",\"url\":\"https:\/\/demohellostudio.it\/oldlcs\/\",\"logo\":{\"@type\":\"ImageObject\",\"inLanguage\":\"it-IT\",\"@id\":\"https:\/\/demohellostudio.it\/oldlcs\/#\/schema\/logo\/image\/\",\"url\":\"https:\/\/demohellostudio.it\/oldlcs\/wp-content\/uploads\/2021\/05\/lcs-logo@3x.png\",\"contentUrl\":\"https:\/\/demohellostudio.it\/oldlcs\/wp-content\/uploads\/2021\/05\/lcs-logo@3x.png\",\"width\":213,\"height\":99,\"caption\":\"LCS Group\"},\"image\":{\"@id\":\"https:\/\/demohellostudio.it\/oldlcs\/#\/schema\/logo\/image\/\"}},{\"@type\":\"Person\",\"@id\":\"https:\/\/demohellostudio.it\/oldlcs\/#\/schema\/person\/184a4b9245dc3fb3751d9173da641148\",\"name\":\"lcsgroup\",\"image\":{\"@type\":\"ImageObject\",\"inLanguage\":\"it-IT\",\"@id\":\"https:\/\/demohellostudio.it\/oldlcs\/#\/schema\/person\/image\/\",\"url\":\"https:\/\/secure.gravatar.com\/avatar\/484dfec5980f926eb03a4b15b089ff5ba466e2e36022af6de3cb70817588cda1?s=96&d=mm&r=g\",\"contentUrl\":\"https:\/\/secure.gravatar.com\/avatar\/484dfec5980f926eb03a4b15b089ff5ba466e2e36022af6de3cb70817588cda1?s=96&d=mm&r=g\",\"caption\":\"lcsgroup\"}}]}<\/script>\n<!-- \/ Yoast SEO plugin. -->","yoast_head_json":{"title":"Vitale barberis canonico, l\u2019eleganza parte dal magazzino | LCS SpA","robots":{"index":"index","follow":"follow","max-snippet":"max-snippet:-1","max-image-preview":"max-image-preview:large","max-video-preview":"max-video-preview:-1"},"canonical":"https:\/\/demohellostudio.it\/oldlcs\/vitale-barberis-canonico-leleganza-parte-dal-magazzino\/","og_locale":"it_IT","og_type":"article","og_title":"Vitale barberis canonico, l\u2019eleganza parte dal magazzino | LCS SpA","og_description":"A LCS il revamping del magazzino della sede principale di uno tra i pi\u00f9 antichi lanifici del mondo. L\u2019eleganza\u00a0non pu\u00f2 prescindere dalla qualit\u00e0 del magazzino e delle sue movimentazioni. L\u2019attivit\u00e0 laniera della famiglia Barberis Canonico \u00e8 iniziata nel 1663 a Pratrivero, in provincia di Biella, da dove non si \u00e8 mai spostata, costruendo generazione dopo [&hellip;]","og_url":"https:\/\/demohellostudio.it\/oldlcs\/vitale-barberis-canonico-leleganza-parte-dal-magazzino\/","og_site_name":"LCS - You produce, we move.","article_published_time":"2021-05-31T14:18:03+00:00","article_modified_time":"2022-08-02T15:18:05+00:00","og_image":[{"width":483,"height":483,"url":"https:\/\/demohellostudio.it\/oldlcs\/wp-content\/uploads\/2021\/05\/vitale-barberis-483x483-1.jpg","type":"image\/jpeg"}],"author":"lcsgroup","twitter_card":"summary_large_image","twitter_misc":{"Scritto da":"lcsgroup","Tempo di lettura stimato":"3 minuti"},"schema":{"@context":"https:\/\/schema.org","@graph":[{"@type":"Article","@id":"https:\/\/demohellostudio.it\/oldlcs\/vitale-barberis-canonico-leleganza-parte-dal-magazzino\/#article","isPartOf":{"@id":"https:\/\/demohellostudio.it\/oldlcs\/vitale-barberis-canonico-leleganza-parte-dal-magazzino\/"},"author":{"name":"lcsgroup","@id":"https:\/\/demohellostudio.it\/oldlcs\/#\/schema\/person\/184a4b9245dc3fb3751d9173da641148"},"headline":"Vitale barberis canonico, l\u2019eleganza parte dal magazzino","datePublished":"2021-05-31T14:18:03+00:00","dateModified":"2022-08-02T15:18:05+00:00","mainEntityOfPage":{"@id":"https:\/\/demohellostudio.it\/oldlcs\/vitale-barberis-canonico-leleganza-parte-dal-magazzino\/"},"wordCount":466,"commentCount":0,"publisher":{"@id":"https:\/\/demohellostudio.it\/oldlcs\/#organization"},"articleSection":["News","Press"],"inLanguage":"it-IT","potentialAction":[{"@type":"CommentAction","name":"Comment","target":["https:\/\/demohellostudio.it\/oldlcs\/vitale-barberis-canonico-leleganza-parte-dal-magazzino\/#respond"]}]},{"@type":"WebPage","@id":"https:\/\/demohellostudio.it\/oldlcs\/vitale-barberis-canonico-leleganza-parte-dal-magazzino\/","url":"https:\/\/demohellostudio.it\/oldlcs\/vitale-barberis-canonico-leleganza-parte-dal-magazzino\/","name":"Vitale barberis canonico, l\u2019eleganza parte dal magazzino | LCS SpA","isPartOf":{"@id":"https:\/\/demohellostudio.it\/oldlcs\/#website"},"datePublished":"2021-05-31T14:18:03+00:00","dateModified":"2022-08-02T15:18:05+00:00","breadcrumb":{"@id":"https:\/\/demohellostudio.it\/oldlcs\/vitale-barberis-canonico-leleganza-parte-dal-magazzino\/#breadcrumb"},"inLanguage":"it-IT","potentialAction":[{"@type":"ReadAction","target":["https:\/\/demohellostudio.it\/oldlcs\/vitale-barberis-canonico-leleganza-parte-dal-magazzino\/"]}]},{"@type":"BreadcrumbList","@id":"https:\/\/demohellostudio.it\/oldlcs\/vitale-barberis-canonico-leleganza-parte-dal-magazzino\/#breadcrumb","itemListElement":[{"@type":"ListItem","position":1,"name":"Home","item":"https:\/\/demohellostudio.it\/oldlcs\/home\/"},{"@type":"ListItem","position":2,"name":"Vitale barberis canonico, l\u2019eleganza parte dal magazzino"}]},{"@type":"WebSite","@id":"https:\/\/demohellostudio.it\/oldlcs\/#website","url":"https:\/\/demohellostudio.it\/oldlcs\/","name":"LCS - You produce, we move.","description":"You produce, we move.","publisher":{"@id":"https:\/\/demohellostudio.it\/oldlcs\/#organization"},"potentialAction":[{"@type":"SearchAction","target":{"@type":"EntryPoint","urlTemplate":"https:\/\/demohellostudio.it\/oldlcs\/?s={search_term_string}"},"query-input":"required name=search_term_string"}],"inLanguage":"it-IT"},{"@type":"Organization","@id":"https:\/\/demohellostudio.it\/oldlcs\/#organization","name":"LCS Group","url":"https:\/\/demohellostudio.it\/oldlcs\/","logo":{"@type":"ImageObject","inLanguage":"it-IT","@id":"https:\/\/demohellostudio.it\/oldlcs\/#\/schema\/logo\/image\/","url":"https:\/\/demohellostudio.it\/oldlcs\/wp-content\/uploads\/2021\/05\/lcs-logo@3x.png","contentUrl":"https:\/\/demohellostudio.it\/oldlcs\/wp-content\/uploads\/2021\/05\/lcs-logo@3x.png","width":213,"height":99,"caption":"LCS Group"},"image":{"@id":"https:\/\/demohellostudio.it\/oldlcs\/#\/schema\/logo\/image\/"}},{"@type":"Person","@id":"https:\/\/demohellostudio.it\/oldlcs\/#\/schema\/person\/184a4b9245dc3fb3751d9173da641148","name":"lcsgroup","image":{"@type":"ImageObject","inLanguage":"it-IT","@id":"https:\/\/demohellostudio.it\/oldlcs\/#\/schema\/person\/image\/","url":"https:\/\/secure.gravatar.com\/avatar\/484dfec5980f926eb03a4b15b089ff5ba466e2e36022af6de3cb70817588cda1?s=96&d=mm&r=g","contentUrl":"https:\/\/secure.gravatar.com\/avatar\/484dfec5980f926eb03a4b15b089ff5ba466e2e36022af6de3cb70817588cda1?s=96&d=mm&r=g","caption":"lcsgroup"}}]}},"_links":{"self":[{"href":"https:\/\/demohellostudio.it\/oldlcs\/wp-json\/wp\/v2\/posts\/6399","targetHints":{"allow":["GET"]}}],"collection":[{"href":"https:\/\/demohellostudio.it\/oldlcs\/wp-json\/wp\/v2\/posts"}],"about":[{"href":"https:\/\/demohellostudio.it\/oldlcs\/wp-json\/wp\/v2\/types\/post"}],"author":[{"embeddable":true,"href":"https:\/\/demohellostudio.it\/oldlcs\/wp-json\/wp\/v2\/users\/10"}],"replies":[{"embeddable":true,"href":"https:\/\/demohellostudio.it\/oldlcs\/wp-json\/wp\/v2\/comments?post=6399"}],"version-history":[{"count":2,"href":"https:\/\/demohellostudio.it\/oldlcs\/wp-json\/wp\/v2\/posts\/6399\/revisions"}],"predecessor-version":[{"id":6550,"href":"https:\/\/demohellostudio.it\/oldlcs\/wp-json\/wp\/v2\/posts\/6399\/revisions\/6550"}],"wp:featuredmedia":[{"embeddable":true,"href":"https:\/\/demohellostudio.it\/oldlcs\/wp-json\/wp\/v2\/media\/6402"}],"wp:attachment":[{"href":"https:\/\/demohellostudio.it\/oldlcs\/wp-json\/wp\/v2\/media?parent=6399"}],"wp:term":[{"taxonomy":"category","embeddable":true,"href":"https:\/\/demohellostudio.it\/oldlcs\/wp-json\/wp\/v2\/categories?post=6399"},{"taxonomy":"post_tag","embeddable":true,"href":"https:\/\/demohellostudio.it\/oldlcs\/wp-json\/wp\/v2\/tags?post=6399"}],"curies":[{"name":"wp","href":"https:\/\/api.w.org\/{rel}","templated":true}]}}