{"id":23847,"date":"2025-04-28T11:13:23","date_gmt":"2025-04-28T09:13:23","guid":{"rendered":"https:\/\/demohellostudio.it\/oldlcs\/?p=23847"},"modified":"2025-04-28T11:56:11","modified_gmt":"2025-04-28T09:56:11","slug":"intralogistica-2025","status":"publish","type":"post","link":"https:\/\/demohellostudio.it\/oldlcs\/intralogistica-2025\/","title":{"rendered":"INTRALOGISTICA 2025"},"content":{"rendered":"<h2 style=\"text-align: center;\">INTRALOGISTICA 2025<\/h2>\n<h3 style=\"text-align: center;\">27 &#8211; 30 maggio 2025<\/h3>\n<h3 style=\"text-align: center;\"><i>Milano Fiera Rho<\/i><\/h3>\n<h3><\/h3>\n<p data-pm-slice=\"1 1 []\"><strong><img decoding=\"async\" class=\"alignnone size-medium wp-image-23861\" src=\"https:\/\/demohellostudio.it\/oldlcs\/wp-content\/uploads\/2025\/04\/Logistica-delle-commerce-1-300x169.jpg\" alt=\"\" width=\"300\" height=\"169\" srcset=\"https:\/\/demohellostudio.it\/oldlcs\/wp-content\/uploads\/2025\/04\/Logistica-delle-commerce-1-300x169.jpg 300w, https:\/\/demohellostudio.it\/oldlcs\/wp-content\/uploads\/2025\/04\/Logistica-delle-commerce-1-1024x576.jpg 1024w, https:\/\/demohellostudio.it\/oldlcs\/wp-content\/uploads\/2025\/04\/Logistica-delle-commerce-1-768x432.jpg 768w, https:\/\/demohellostudio.it\/oldlcs\/wp-content\/uploads\/2025\/04\/Logistica-delle-commerce-1.jpg 1280w\" sizes=\"(max-width: 300px) 100vw, 300px\" \/><\/strong><\/p>\n<p>LCS Group\u00a0a Intralogistica Italia 2025: innovazione, identit\u00e0 e futuro<\/p>\n<p class=\"\" data-start=\"201\" data-end=\"405\">Dal <strong data-start=\"205\" data-end=\"229\">27 al 30 maggio 2025<\/strong> saremo presenti a <strong data-start=\"248\" data-end=\"273\">Intralogistica Italia<\/strong>, la principale manifestazione italiana B2B dedicata alle soluzioni integrate per l&#8217;intralogistica, che si terr\u00e0 a <strong data-start=\"384\" data-end=\"404\">Fiera Milano Rho<\/strong>.<\/p>\n<p class=\"\" data-start=\"407\" data-end=\"730\">Quest&#8217;anno la nostra partecipazione avr\u00e0 un significato ancora pi\u00f9 speciale: in occasione della Fiera, presenteremo ufficialmente la <strong data-start=\"540\" data-end=\"568\">nuova identit\u00e0 di Gruppo<\/strong>, frutto di un percorso di evoluzione e rebranding che unisce le competenze, le esperienze e le eccellenze delle nostre aziende all&#8217;interno di una visione comune.<br \/>\n<strong data-start=\"732\" data-end=\"775\"><br \/>\nUn unico Gruppo, tante specializzazioni<\/strong><\/p>\n<p class=\"\" data-start=\"777\" data-end=\"1062\">Ogni azienda che fa parte del nostro Gruppo porta con s\u00e9 un patrimonio di know-how e innovazione. Oggi pi\u00f9 che mai, grazie a una strategia condivisa, siamo pronti a offrire soluzioni ancora pi\u00f9 complete e integrate per rispondere alle esigenze di un mercato in continua trasformazione.<\/p>\n<p class=\"\" data-start=\"1064\" data-end=\"1113\"><strong data-start=\"1064\" data-end=\"1113\">Ti aspettiamo al Padiglione 10, Stand K02 L07<\/strong><\/p>\n<p>&nbsp;<\/p>\n<p class=\"\" data-start=\"1426\" data-end=\"1463\"><strong data-start=\"1426\" data-end=\"1463\">Richiedi il tuo ingresso gratuito<\/strong><\/p>\n<p class=\"\" data-start=\"1465\" data-end=\"1587\">Non perdere l\u2019occasione di incontrarci! Richiedi subito il tuo <strong data-start=\"1528\" data-end=\"1549\">biglietto omaggio<\/strong> tramite questo link:<\/p>\n\n<div class=\"wpcf7 no-js\" id=\"wpcf7-f22845-o1\" lang=\"en-US\" dir=\"ltr\">\n<div class=\"screen-reader-response\"><p role=\"status\" aria-live=\"polite\" aria-atomic=\"true\"><\/p> <ul><\/ul><\/div>\n<form action=\"\/oldlcs\/wp-json\/wp\/v2\/posts\/23847#wpcf7-f22845-o1\" method=\"post\" class=\"wpcf7-form init\" aria-label=\"Contact form\" novalidate=\"novalidate\" data-status=\"init\">\n<div style=\"display: none;\">\n<input type=\"hidden\" name=\"_wpcf7\" value=\"22845\" \/>\n<input type=\"hidden\" name=\"_wpcf7_version\" value=\"5.7.7\" \/>\n<input type=\"hidden\" name=\"_wpcf7_locale\" value=\"en_US\" \/>\n<input type=\"hidden\" name=\"_wpcf7_unit_tag\" value=\"wpcf7-f22845-o1\" \/>\n<input type=\"hidden\" name=\"_wpcf7_container_post\" value=\"0\" \/>\n<input type=\"hidden\" name=\"_wpcf7_posted_data_hash\" value=\"\" \/>\n<input type=\"hidden\" name=\"_wpcf7_recaptcha_response\" value=\"\" \/>\n<\/div>\n<div class=\"contact-form-box\">\n    <h3 class=\"box-heading\">Nome e Cognome*<\/h3>\n    <div class=\"row\">\n        <div class=\"col-lg-12\"><span class=\"wpcf7-form-control-wrap\" data-name=\"name-surname\"><input size=\"40\" class=\"wpcf7-form-control wpcf7-text wpcf7-validates-as-required\" aria-required=\"true\" aria-invalid=\"false\" placeholder=\"Nome e Cognome\" value=\"\" type=\"text\" name=\"name-surname\" \/><\/span><\/div>\n    <\/div>\n<\/div>\n<div class=\"contact-form-box\">\n    <h3 class=\"box-heading\">Indirizzo Email*<\/h3>\n    <div class=\"row\">\n        <div class=\"col-lg-12\"><span class=\"wpcf7-form-control-wrap\" data-name=\"your-email\"><input size=\"40\" class=\"wpcf7-form-control wpcf7-text wpcf7-email wpcf7-validates-as-required wpcf7-validates-as-email\" aria-required=\"true\" aria-invalid=\"false\" placeholder=\"Indirizzo Email\" value=\"\" type=\"email\" name=\"your-email\" \/><\/span><\/div>\n    <\/div>\n<\/div>\n<div class=\"contact-form-box\">\n    <h3 class=\"box-heading\">Telefono*<\/h3>\n    <div class=\"row\">\n        <div class=\"col-lg-12\"><span class=\"wpcf7-form-control-wrap\" data-name=\"tel\"><input size=\"40\" class=\"wpcf7-form-control wpcf7-text wpcf7-tel wpcf7-validates-as-required wpcf7-validates-as-tel\" aria-required=\"true\" aria-invalid=\"false\" placeholder=\"Telefono\" value=\"\" type=\"tel\" name=\"tel\" \/><\/span><\/div>\n    <\/div>\n<\/div>\n<div class=\"contact-form-box\">\n    <h3 class=\"box-heading\">Messaggio*<\/h3>\n    <div class=\"row\">\n        <div class=\"col-lg-12\"><span class=\"wpcf7-form-control-wrap\" data-name=\"message\"><textarea cols=\"40\" rows=\"10\" class=\"wpcf7-form-control wpcf7-textarea wpcf7-validates-as-required\" aria-required=\"true\" aria-invalid=\"false\" placeholder=\"Il tuo messaggio\" name=\"message\"><\/textarea><\/span>\n   <\/div>\n<div class=\"col-lg-12\" style=\"margin-top: -4px;\">\n    <span class=\"wpcf7-form-control-wrap\" data-name=\"acceptance\"><span class=\"wpcf7-form-control wpcf7-acceptance\"><span class=\"wpcf7-list-item\"><label><input type=\"checkbox\" name=\"acceptance\" value=\"1\" aria-invalid=\"false\" \/><span class=\"wpcf7-list-item-label\">Dichiaro di aver letto l'<a href=\"\/privacy-policy\/\" target=\"_blank\">Informativa sulla Privacy<\/a> e di accettarne le condizioni<\/span><\/label><\/span><\/span><\/span>\n<\/div>\n<div class=\"col-lg-12\" style=\"margin-top: -4px;\">\n    Acconsento alla ricezione di newsletter e altri contenuti di marketing come inviti a fiere ed eventi esclusivi\n<span class=\"wpcf7-form-control-wrap\" data-name=\"radio-freight-type\"><span class=\"wpcf7-form-control wpcf7-radio\"><span class=\"wpcf7-list-item first\"><input type=\"radio\" name=\"radio-freight-type\" value=\"S\u00ec\" checked=\"checked\" \/><span class=\"wpcf7-list-item-label\">S\u00ec<\/span><\/span><span class=\"wpcf7-list-item last\"><input type=\"radio\" name=\"radio-freight-type\" value=\"No\" \/><span class=\"wpcf7-list-item-label\">No<\/span><\/span><\/span><\/span><\/div>\n    <\/div>\n<\/div>\n<input class=\"wpcf7-form-control has-spinner wpcf7-submit btn btn-secondary btn-fullwidth\" type=\"submit\" value=\"Invia Richiesta\" \/><div class=\"wpcf7-response-output\" aria-hidden=\"true\"><\/div>\n<\/form>\n<\/div>\n\n","protected":false},"excerpt":{"rendered":"<p>INTRALOGISTICA 2025 27 &#8211; 30 maggio 2025 Milano Fiera Rho LCS Group\u00a0a Intralogistica Italia 2025: innovazione, identit\u00e0 e futuro Dal 27 al 30 maggio 2025 saremo presenti a Intralogistica Italia, la principale manifestazione italiana B2B dedicata alle soluzioni integrate per l&#8217;intralogistica, che si terr\u00e0 a Fiera Milano Rho. Quest&#8217;anno la nostra partecipazione avr\u00e0 un significato [&hellip;]<\/p>\n","protected":false},"author":10,"featured_media":23861,"comment_status":"closed","ping_status":"open","sticky":false,"template":"","format":"standard","meta":{"footnotes":""},"categories":[62],"tags":[],"class_list":["post-23847","post","type-post","status-publish","format-standard","has-post-thumbnail","hentry","category-eventi"],"yoast_head":"<!-- This site is optimized with the Yoast SEO plugin v20.2.1 - https:\/\/yoast.com\/wordpress\/plugins\/seo\/ -->\n<title>LCS sar\u00e0 presente alla Fiera Intralogistica 2025<\/title>\n<meta name=\"description\" content=\"Dal 27 al 30 maggio 2025 LCS parteciper\u00e0 alla Fiera Intralogistica Italia che si terr\u00e0 a Fiera Milano Rho. Vi aspettiamo!\" \/>\n<meta name=\"robots\" content=\"index, follow, max-snippet:-1, max-image-preview:large, max-video-preview:-1\" \/>\n<link rel=\"canonical\" href=\"https:\/\/demohellostudio.it\/oldlcs\/intralogistica-2025\/\" \/>\n<meta property=\"og:locale\" content=\"it_IT\" \/>\n<meta property=\"og:type\" content=\"article\" \/>\n<meta property=\"og:title\" content=\"LCS sar\u00e0 presente alla Fiera Intralogistica 2025\" \/>\n<meta property=\"og:description\" content=\"Dal 27 al 30 maggio 2025 LCS parteciper\u00e0 alla Fiera Intralogistica Italia che si terr\u00e0 a Fiera Milano Rho. Vi aspettiamo!\" \/>\n<meta property=\"og:url\" content=\"https:\/\/demohellostudio.it\/oldlcs\/intralogistica-2025\/\" \/>\n<meta property=\"og:site_name\" content=\"LCS - You produce, we move.\" \/>\n<meta property=\"article:published_time\" content=\"2025-04-28T09:13:23+00:00\" \/>\n<meta property=\"article:modified_time\" content=\"2025-04-28T09:56:11+00:00\" \/>\n<meta property=\"og:image\" content=\"https:\/\/demohellostudio.it\/oldlcs\/wp-content\/uploads\/2025\/04\/Logistica-delle-commerce-1.jpg\" \/>\n\t<meta property=\"og:image:width\" content=\"1280\" \/>\n\t<meta property=\"og:image:height\" content=\"720\" \/>\n\t<meta property=\"og:image:type\" content=\"image\/jpeg\" \/>\n<meta name=\"author\" content=\"lcsgroup\" \/>\n<meta name=\"twitter:card\" content=\"summary_large_image\" \/>\n<meta name=\"twitter:label1\" content=\"Scritto da\" \/>\n\t<meta name=\"twitter:data1\" content=\"lcsgroup\" \/>\n\t<meta name=\"twitter:label2\" content=\"Tempo di lettura stimato\" \/>\n\t<meta name=\"twitter:data2\" content=\"2 minuti\" \/>\n<script type=\"application\/ld+json\" class=\"yoast-schema-graph\">{\"@context\":\"https:\/\/schema.org\",\"@graph\":[{\"@type\":\"Article\",\"@id\":\"https:\/\/demohellostudio.it\/oldlcs\/intralogistica-2025\/#article\",\"isPartOf\":{\"@id\":\"https:\/\/demohellostudio.it\/oldlcs\/intralogistica-2025\/\"},\"author\":{\"name\":\"lcsgroup\",\"@id\":\"https:\/\/demohellostudio.it\/oldlcs\/#\/schema\/person\/184a4b9245dc3fb3751d9173da641148\"},\"headline\":\"INTRALOGISTICA 2025\",\"datePublished\":\"2025-04-28T09:13:23+00:00\",\"dateModified\":\"2025-04-28T09:56:11+00:00\",\"mainEntityOfPage\":{\"@id\":\"https:\/\/demohellostudio.it\/oldlcs\/intralogistica-2025\/\"},\"wordCount\":178,\"publisher\":{\"@id\":\"https:\/\/demohellostudio.it\/oldlcs\/#organization\"},\"articleSection\":[\"Eventi\"],\"inLanguage\":\"it-IT\"},{\"@type\":\"WebPage\",\"@id\":\"https:\/\/demohellostudio.it\/oldlcs\/intralogistica-2025\/\",\"url\":\"https:\/\/demohellostudio.it\/oldlcs\/intralogistica-2025\/\",\"name\":\"LCS sar\u00e0 presente alla Fiera Intralogistica 2025\",\"isPartOf\":{\"@id\":\"https:\/\/demohellostudio.it\/oldlcs\/#website\"},\"datePublished\":\"2025-04-28T09:13:23+00:00\",\"dateModified\":\"2025-04-28T09:56:11+00:00\",\"description\":\"Dal 27 al 30 maggio 2025 LCS parteciper\u00e0 alla Fiera Intralogistica Italia che si terr\u00e0 a Fiera Milano Rho. Vi aspettiamo!\",\"breadcrumb\":{\"@id\":\"https:\/\/demohellostudio.it\/oldlcs\/intralogistica-2025\/#breadcrumb\"},\"inLanguage\":\"it-IT\",\"potentialAction\":[{\"@type\":\"ReadAction\",\"target\":[\"https:\/\/demohellostudio.it\/oldlcs\/intralogistica-2025\/\"]}]},{\"@type\":\"BreadcrumbList\",\"@id\":\"https:\/\/demohellostudio.it\/oldlcs\/intralogistica-2025\/#breadcrumb\",\"itemListElement\":[{\"@type\":\"ListItem\",\"position\":1,\"name\":\"Home\",\"item\":\"https:\/\/demohellostudio.it\/oldlcs\/home\/\"},{\"@type\":\"ListItem\",\"position\":2,\"name\":\"INTRALOGISTICA 2025\"}]},{\"@type\":\"WebSite\",\"@id\":\"https:\/\/demohellostudio.it\/oldlcs\/#website\",\"url\":\"https:\/\/demohellostudio.it\/oldlcs\/\",\"name\":\"LCS - You produce, we move.\",\"description\":\"You produce, we move.\",\"publisher\":{\"@id\":\"https:\/\/demohellostudio.it\/oldlcs\/#organization\"},\"potentialAction\":[{\"@type\":\"SearchAction\",\"target\":{\"@type\":\"EntryPoint\",\"urlTemplate\":\"https:\/\/demohellostudio.it\/oldlcs\/?s={search_term_string}\"},\"query-input\":\"required name=search_term_string\"}],\"inLanguage\":\"it-IT\"},{\"@type\":\"Organization\",\"@id\":\"https:\/\/demohellostudio.it\/oldlcs\/#organization\",\"name\":\"LCS Group\",\"url\":\"https:\/\/demohellostudio.it\/oldlcs\/\",\"logo\":{\"@type\":\"ImageObject\",\"inLanguage\":\"it-IT\",\"@id\":\"https:\/\/demohellostudio.it\/oldlcs\/#\/schema\/logo\/image\/\",\"url\":\"https:\/\/demohellostudio.it\/oldlcs\/wp-content\/uploads\/2021\/05\/lcs-logo@3x.png\",\"contentUrl\":\"https:\/\/demohellostudio.it\/oldlcs\/wp-content\/uploads\/2021\/05\/lcs-logo@3x.png\",\"width\":213,\"height\":99,\"caption\":\"LCS Group\"},\"image\":{\"@id\":\"https:\/\/demohellostudio.it\/oldlcs\/#\/schema\/logo\/image\/\"}},{\"@type\":\"Person\",\"@id\":\"https:\/\/demohellostudio.it\/oldlcs\/#\/schema\/person\/184a4b9245dc3fb3751d9173da641148\",\"name\":\"lcsgroup\",\"image\":{\"@type\":\"ImageObject\",\"inLanguage\":\"it-IT\",\"@id\":\"https:\/\/demohellostudio.it\/oldlcs\/#\/schema\/person\/image\/\",\"url\":\"https:\/\/secure.gravatar.com\/avatar\/484dfec5980f926eb03a4b15b089ff5ba466e2e36022af6de3cb70817588cda1?s=96&d=mm&r=g\",\"contentUrl\":\"https:\/\/secure.gravatar.com\/avatar\/484dfec5980f926eb03a4b15b089ff5ba466e2e36022af6de3cb70817588cda1?s=96&d=mm&r=g\",\"caption\":\"lcsgroup\"}}]}<\/script>\n<!-- \/ Yoast SEO plugin. -->","yoast_head_json":{"title":"LCS sar\u00e0 presente alla Fiera Intralogistica 2025","description":"Dal 27 al 30 maggio 2025 LCS parteciper\u00e0 alla Fiera Intralogistica Italia che si terr\u00e0 a Fiera Milano Rho. Vi aspettiamo!","robots":{"index":"index","follow":"follow","max-snippet":"max-snippet:-1","max-image-preview":"max-image-preview:large","max-video-preview":"max-video-preview:-1"},"canonical":"https:\/\/demohellostudio.it\/oldlcs\/intralogistica-2025\/","og_locale":"it_IT","og_type":"article","og_title":"LCS sar\u00e0 presente alla Fiera Intralogistica 2025","og_description":"Dal 27 al 30 maggio 2025 LCS parteciper\u00e0 alla Fiera Intralogistica Italia che si terr\u00e0 a Fiera Milano Rho. Vi aspettiamo!","og_url":"https:\/\/demohellostudio.it\/oldlcs\/intralogistica-2025\/","og_site_name":"LCS - You produce, we move.","article_published_time":"2025-04-28T09:13:23+00:00","article_modified_time":"2025-04-28T09:56:11+00:00","og_image":[{"width":1280,"height":720,"url":"https:\/\/demohellostudio.it\/oldlcs\/wp-content\/uploads\/2025\/04\/Logistica-delle-commerce-1.jpg","type":"image\/jpeg"}],"author":"lcsgroup","twitter_card":"summary_large_image","twitter_misc":{"Scritto da":"lcsgroup","Tempo di lettura stimato":"2 minuti"},"schema":{"@context":"https:\/\/schema.org","@graph":[{"@type":"Article","@id":"https:\/\/demohellostudio.it\/oldlcs\/intralogistica-2025\/#article","isPartOf":{"@id":"https:\/\/demohellostudio.it\/oldlcs\/intralogistica-2025\/"},"author":{"name":"lcsgroup","@id":"https:\/\/demohellostudio.it\/oldlcs\/#\/schema\/person\/184a4b9245dc3fb3751d9173da641148"},"headline":"INTRALOGISTICA 2025","datePublished":"2025-04-28T09:13:23+00:00","dateModified":"2025-04-28T09:56:11+00:00","mainEntityOfPage":{"@id":"https:\/\/demohellostudio.it\/oldlcs\/intralogistica-2025\/"},"wordCount":178,"publisher":{"@id":"https:\/\/demohellostudio.it\/oldlcs\/#organization"},"articleSection":["Eventi"],"inLanguage":"it-IT"},{"@type":"WebPage","@id":"https:\/\/demohellostudio.it\/oldlcs\/intralogistica-2025\/","url":"https:\/\/demohellostudio.it\/oldlcs\/intralogistica-2025\/","name":"LCS sar\u00e0 presente alla Fiera Intralogistica 2025","isPartOf":{"@id":"https:\/\/demohellostudio.it\/oldlcs\/#website"},"datePublished":"2025-04-28T09:13:23+00:00","dateModified":"2025-04-28T09:56:11+00:00","description":"Dal 27 al 30 maggio 2025 LCS parteciper\u00e0 alla Fiera Intralogistica Italia che si terr\u00e0 a Fiera Milano Rho. Vi aspettiamo!","breadcrumb":{"@id":"https:\/\/demohellostudio.it\/oldlcs\/intralogistica-2025\/#breadcrumb"},"inLanguage":"it-IT","potentialAction":[{"@type":"ReadAction","target":["https:\/\/demohellostudio.it\/oldlcs\/intralogistica-2025\/"]}]},{"@type":"BreadcrumbList","@id":"https:\/\/demohellostudio.it\/oldlcs\/intralogistica-2025\/#breadcrumb","itemListElement":[{"@type":"ListItem","position":1,"name":"Home","item":"https:\/\/demohellostudio.it\/oldlcs\/home\/"},{"@type":"ListItem","position":2,"name":"INTRALOGISTICA 2025"}]},{"@type":"WebSite","@id":"https:\/\/demohellostudio.it\/oldlcs\/#website","url":"https:\/\/demohellostudio.it\/oldlcs\/","name":"LCS - You produce, we move.","description":"You produce, we move.","publisher":{"@id":"https:\/\/demohellostudio.it\/oldlcs\/#organization"},"potentialAction":[{"@type":"SearchAction","target":{"@type":"EntryPoint","urlTemplate":"https:\/\/demohellostudio.it\/oldlcs\/?s={search_term_string}"},"query-input":"required name=search_term_string"}],"inLanguage":"it-IT"},{"@type":"Organization","@id":"https:\/\/demohellostudio.it\/oldlcs\/#organization","name":"LCS Group","url":"https:\/\/demohellostudio.it\/oldlcs\/","logo":{"@type":"ImageObject","inLanguage":"it-IT","@id":"https:\/\/demohellostudio.it\/oldlcs\/#\/schema\/logo\/image\/","url":"https:\/\/demohellostudio.it\/oldlcs\/wp-content\/uploads\/2021\/05\/lcs-logo@3x.png","contentUrl":"https:\/\/demohellostudio.it\/oldlcs\/wp-content\/uploads\/2021\/05\/lcs-logo@3x.png","width":213,"height":99,"caption":"LCS Group"},"image":{"@id":"https:\/\/demohellostudio.it\/oldlcs\/#\/schema\/logo\/image\/"}},{"@type":"Person","@id":"https:\/\/demohellostudio.it\/oldlcs\/#\/schema\/person\/184a4b9245dc3fb3751d9173da641148","name":"lcsgroup","image":{"@type":"ImageObject","inLanguage":"it-IT","@id":"https:\/\/demohellostudio.it\/oldlcs\/#\/schema\/person\/image\/","url":"https:\/\/secure.gravatar.com\/avatar\/484dfec5980f926eb03a4b15b089ff5ba466e2e36022af6de3cb70817588cda1?s=96&d=mm&r=g","contentUrl":"https:\/\/secure.gravatar.com\/avatar\/484dfec5980f926eb03a4b15b089ff5ba466e2e36022af6de3cb70817588cda1?s=96&d=mm&r=g","caption":"lcsgroup"}}]}},"_links":{"self":[{"href":"https:\/\/demohellostudio.it\/oldlcs\/wp-json\/wp\/v2\/posts\/23847","targetHints":{"allow":["GET"]}}],"collection":[{"href":"https:\/\/demohellostudio.it\/oldlcs\/wp-json\/wp\/v2\/posts"}],"about":[{"href":"https:\/\/demohellostudio.it\/oldlcs\/wp-json\/wp\/v2\/types\/post"}],"author":[{"embeddable":true,"href":"https:\/\/demohellostudio.it\/oldlcs\/wp-json\/wp\/v2\/users\/10"}],"replies":[{"embeddable":true,"href":"https:\/\/demohellostudio.it\/oldlcs\/wp-json\/wp\/v2\/comments?post=23847"}],"version-history":[{"count":5,"href":"https:\/\/demohellostudio.it\/oldlcs\/wp-json\/wp\/v2\/posts\/23847\/revisions"}],"predecessor-version":[{"id":23864,"href":"https:\/\/demohellostudio.it\/oldlcs\/wp-json\/wp\/v2\/posts\/23847\/revisions\/23864"}],"wp:featuredmedia":[{"embeddable":true,"href":"https:\/\/demohellostudio.it\/oldlcs\/wp-json\/wp\/v2\/media\/23861"}],"wp:attachment":[{"href":"https:\/\/demohellostudio.it\/oldlcs\/wp-json\/wp\/v2\/media?parent=23847"}],"wp:term":[{"taxonomy":"category","embeddable":true,"href":"https:\/\/demohellostudio.it\/oldlcs\/wp-json\/wp\/v2\/categories?post=23847"},{"taxonomy":"post_tag","embeddable":true,"href":"https:\/\/demohellostudio.it\/oldlcs\/wp-json\/wp\/v2\/tags?post=23847"}],"curies":[{"name":"wp","href":"https:\/\/api.w.org\/{rel}","templated":true}]}}