{"id":23308,"date":"2024-04-19T12:53:13","date_gmt":"2024-04-19T10:53:13","guid":{"rendered":"https:\/\/demohellostudio.it\/oldlcs\/?p=23308"},"modified":"2024-04-19T13:01:42","modified_gmt":"2024-04-19T11:01:42","slug":"lcs-partecipa-al-30-global-summit-logistics-supply-chain-2","status":"publish","type":"post","link":"https:\/\/demohellostudio.it\/oldlcs\/lcs-partecipa-al-30-global-summit-logistics-supply-chain-2\/","title":{"rendered":"LCS partecipa al 30\u00b0 Global Summit Logistics &#038; Supply Chain"},"content":{"rendered":"\t\t<div data-elementor-type=\"wp-post\" data-elementor-id=\"23308\" class=\"elementor elementor-23308\" data-elementor-settings=\"[]\">\n\t\t\t\t\t\t\t<div class=\"elementor-section-wrap\">\n\t\t\t\t\t        <section class=\"elementor-section elementor-top-section elementor-element elementor-element-7f39c7db elementor-section-boxed elementor-section-height-default elementor-section-height-default\" data-id=\"7f39c7db\" data-element_type=\"section\">\n            \n                        <div class=\"elementor-container elementor-column-gap-default \">\n                    <div class=\"elementor-column elementor-col-100 elementor-top-column elementor-element elementor-element-66e7eab1\" data-id=\"66e7eab1\" data-element_type=\"column\">\n            <div class=\"elementor-widget-wrap elementor-element-populated\">\n                        \t\t<div class=\"elementor-element elementor-element-5864f0da elementor-widget elementor-widget-text-editor\" data-id=\"5864f0da\" data-element_type=\"widget\" data-widget_type=\"text-editor.default\">\n\t\t\t\t<div class=\"elementor-widget-container\">\n\t\t\t\t\t<div class=\"elementor-text-editor elementor-clearfix\"><h2 style=\"text-align: center;\">30\u00b0 GLOBAL SUMMIT LOGISTICS &amp; SUPPLY CHAIN<\/h2><h3 style=\"text-align: center;\"><em>22 &#8211; 23 Maggio 2024<\/em><\/h3><h4 style=\"text-align: center;\"><em>Centro Congressi Hotel Parchi del Garda<\/em><\/h4><h4 style=\"text-align: center;\"><em>Pacengo di Lazise (VR)<\/em><\/h4><p><img decoding=\"async\" class=\"alignnone size-full wp-image-23298 aligncenter\" src=\"https:\/\/demohellostudio.it\/oldlcs\/wp-content\/uploads\/2024\/04\/250x250-e1713521381598.jpg\" alt=\"\" width=\"250\" height=\"250\" srcset=\"https:\/\/demohellostudio.it\/oldlcs\/wp-content\/uploads\/2024\/04\/250x250-e1713521381598.jpg 250w, https:\/\/demohellostudio.it\/oldlcs\/wp-content\/uploads\/2024\/04\/250x250-e1713521381598-150x150.jpg 150w, https:\/\/demohellostudio.it\/oldlcs\/wp-content\/uploads\/2024\/04\/250x250-e1713521381598-100x100.jpg 100w\" sizes=\"(max-width: 250px) 100vw, 250px\" \/><\/p><div><div data-hspacer=\"no_spacer\" data-halign=\"center\"><div data-ultimate-target=\".uvc-heading.ultimate-heading-327160b4b86f3fbab h3\" data-responsive-json-new=\"{\"><h4>L\u2019imperdibile appuntamento annuale B2B<\/h4><div data-hspacer=\"no_spacer\" data-halign=\"center\"><div data-ultimate-target=\".uvc-heading.ultimate-heading-570060b4b86f400f4 h2\" data-responsive-json-new=\"{\"><h4>\u00a0<\/h4><p><span style=\"font-size: 16px;\">Global Summit Logistics &amp; Supply Chain \u00e8 l\u2019<\/span><strong style=\"font-size: 16px;\">evento annuale B2B<\/strong><span style=\"font-size: 16px;\"> , che riunisce la <\/span><strong>business community della logistica industriale e distributiva<\/strong>\u00a0e della supply chain a 360\u00b0. L\u2019evento di carattere nazionale \u00e8 caratterizzato da con workshop, momenti di networking e incontri di business matching one2one.<\/p><div class=\"wpb_text_column wpb_content_element \"><div class=\"wpb_wrapper\"><p class=\"p1\"><span class=\"s1\">Due giorni in cui vengono organizzati m<\/span><span class=\"s1\">omenti di formazione e di networking che facilitano l\u2019interazione tra i visitatori e gli esperti del settore, due giorni per comprendere gli scenari competitivi e i trend della supply chain e dell\u2019industria 5.0 e due giorni per incontrare aziende leader di settore, conoscere i vantaggi e le funzionalit\u00e0 dei pi\u00f9 evoluti strumenti operativi e organizzativi.<\/span><\/p><p class=\"p1\"><span class=\"s1\">Global Summit Logistics &amp; Supply Chain \u00e8\u00a0un appuntamento fondamentale per conoscere\u00a0<strong>le soluzioni, gli approcci e le strategie\u00a0per essere pi\u00f9 performanti nella gestione di logistiche sempre pi\u00f9 compless<\/strong>e, in un mercato in continua evoluzione e crescita.<\/span><\/p><p><em><strong>Anche quest\u2019anno saremo presenti per ascoltare le vostre esigenze e richieste.<\/strong><\/em><\/p><\/div><\/div><\/div><\/div><h4 style=\"text-align: left;\">\u00a0<\/h4><h4 style=\"text-align: left;\">Come partecipare<\/h4><\/div><\/div><div><p>Per partecipare, \u00e8 possibile registrarsi gratuitamente in qualit\u00e0 di visitatori. La partecipazione \u00e8 riservata <strong>a<\/strong>i decision maker delle societ\u00e0 &#8220;end user&#8221;, come<strong> direttori, responsabili e manager delle aree logistiche, produzione\/stabilimento, operazioni e tecnologia dell&#8217;informazione<\/strong>.<\/p><p>\u00c8 necessaria la pre-registrazione, fino ad esaurimento dei posti disponibili.<\/p><h5 style=\"text-align: center;\"><strong><span style=\"text-decoration: underline;\"><a href=\"https:\/\/glsummit.it\/visitatori\" target=\"_blank\" rel=\"noopener\">COMPILA IL FORM E ISCRIVITI<\/a><\/span><\/strong><\/h5><h5>\u00a0<\/h5><h4 style=\"text-align: left;\">\u00a0<\/h4><div><h4 style=\"text-align: left;\">Dove si svolge?<\/h4><div><iframe loading=\"lazy\" style=\"border: 0px; pointer-events: none;\" src=\"https:\/\/www.google.com\/maps\/embed?pb=!1m14!1m8!1m3!1d11193.589404454135!2d10.7195272!3d45.461799!3m2!1i1024!2i768!4f13.1!3m3!1m2!1s0x0%3A0x40bac86fe8b0e857!2sCentro%20Congressi%20Hotel%20Parchi%20del%20Garda!5e0!3m2!1sit!2sit!4v1570088621976!5m2!1sit!2sit\" width=\"400\" height=\"300\" frameborder=\"0\" allowfullscreen=\"allowfullscreen\" data-mce-fragment=\"1\" data-cmp-ab=\"2\" data-cmp-info=\"8\"><\/iframe><\/div><div><div>\u00a0<\/div><\/div><\/div><\/div><\/div><\/div>\n\t\t\t\t<\/div>\n\t\t\t\t<\/div>\n\t\t            <\/div>\n        <\/div>\n                            <\/div>\n        <\/section>\n        \t\t\t\t<\/div>\n\t\t\t\t\t<\/div>\n\t\t","protected":false},"excerpt":{"rendered":"<p>30\u00b0 GLOBAL SUMMIT LOGISTICS &amp; SUPPLY CHAIN 22 &#8211; 23 Maggio 2024 Centro Congressi Hotel Parchi del Garda Pacengo di Lazise (VR) L\u2019imperdibile appuntamento annuale B2B Global Summit Logistics &amp; Supply Chain \u00e8 l\u2019evento annuale B2B , che riunisce la business community della logistica industriale e distributiva\u00a0e della supply chain a 360\u00b0. L\u2019evento di carattere [&hellip;]<\/p>\n","protected":false},"author":10,"featured_media":23319,"comment_status":"open","ping_status":"open","sticky":false,"template":"","format":"standard","meta":{"footnotes":""},"categories":[62],"tags":[],"class_list":["post-23308","post","type-post","status-publish","format-standard","has-post-thumbnail","hentry","category-eventi"],"yoast_head":"<!-- This site is optimized with the Yoast SEO plugin v20.2.1 - https:\/\/yoast.com\/wordpress\/plugins\/seo\/ -->\n<title>LCS partecipa al 30\u00b0 Global Summit Logistics &amp; Supply Chain | LCS SpA<\/title>\n<meta name=\"description\" content=\"L&#039;annuale appuntamento B2B, Global Summit Logistics &amp; Supply Chain, \u00e8 un evento imperdibile che riunisce la comunit\u00e0 aziendale della logistica industriale, distributiva e della supply chain a 360 gradi. Questo evento nazionale offre workshop, sessioni di networking e incontri di business matching one2one.\" \/>\n<meta name=\"robots\" content=\"index, follow, max-snippet:-1, max-image-preview:large, max-video-preview:-1\" \/>\n<link rel=\"canonical\" href=\"https:\/\/demohellostudio.it\/oldlcs\/lcs-partecipa-al-30-global-summit-logistics-supply-chain-2\/\" \/>\n<meta property=\"og:locale\" content=\"it_IT\" \/>\n<meta property=\"og:type\" content=\"article\" \/>\n<meta property=\"og:title\" content=\"LCS partecipa al 30\u00b0 Global Summit Logistics &amp; Supply Chain | LCS SpA\" \/>\n<meta property=\"og:description\" content=\"L&#039;annuale appuntamento B2B, Global Summit Logistics &amp; Supply Chain, \u00e8 un evento imperdibile che riunisce la comunit\u00e0 aziendale della logistica industriale, distributiva e della supply chain a 360 gradi. Questo evento nazionale offre workshop, sessioni di networking e incontri di business matching one2one.\" \/>\n<meta property=\"og:url\" content=\"https:\/\/demohellostudio.it\/oldlcs\/lcs-partecipa-al-30-global-summit-logistics-supply-chain-2\/\" \/>\n<meta property=\"og:site_name\" content=\"LCS - You produce, we move.\" \/>\n<meta property=\"article:published_time\" content=\"2024-04-19T10:53:13+00:00\" \/>\n<meta property=\"article:modified_time\" content=\"2024-04-19T11:01:42+00:00\" \/>\n<meta property=\"og:image\" content=\"https:\/\/demohellostudio.it\/oldlcs\/wp-content\/uploads\/2024\/04\/13.-Global-Summit-.png\" \/>\n\t<meta property=\"og:image:width\" content=\"470\" \/>\n\t<meta property=\"og:image:height\" content=\"320\" \/>\n\t<meta property=\"og:image:type\" content=\"image\/png\" \/>\n<meta name=\"author\" content=\"lcsgroup\" \/>\n<meta name=\"twitter:card\" content=\"summary_large_image\" \/>\n<meta name=\"twitter:label1\" content=\"Scritto da\" \/>\n\t<meta name=\"twitter:data1\" content=\"lcsgroup\" \/>\n\t<meta name=\"twitter:label2\" content=\"Tempo di lettura stimato\" \/>\n\t<meta name=\"twitter:data2\" content=\"2 minuti\" \/>\n<script type=\"application\/ld+json\" class=\"yoast-schema-graph\">{\"@context\":\"https:\/\/schema.org\",\"@graph\":[{\"@type\":\"Article\",\"@id\":\"https:\/\/demohellostudio.it\/oldlcs\/lcs-partecipa-al-30-global-summit-logistics-supply-chain-2\/#article\",\"isPartOf\":{\"@id\":\"https:\/\/demohellostudio.it\/oldlcs\/lcs-partecipa-al-30-global-summit-logistics-supply-chain-2\/\"},\"author\":{\"name\":\"lcsgroup\",\"@id\":\"https:\/\/demohellostudio.it\/oldlcs\/#\/schema\/person\/184a4b9245dc3fb3751d9173da641148\"},\"headline\":\"LCS partecipa al 30\u00b0 Global Summit Logistics &#038; Supply Chain\",\"datePublished\":\"2024-04-19T10:53:13+00:00\",\"dateModified\":\"2024-04-19T11:01:42+00:00\",\"mainEntityOfPage\":{\"@id\":\"https:\/\/demohellostudio.it\/oldlcs\/lcs-partecipa-al-30-global-summit-logistics-supply-chain-2\/\"},\"wordCount\":241,\"commentCount\":0,\"publisher\":{\"@id\":\"https:\/\/demohellostudio.it\/oldlcs\/#organization\"},\"articleSection\":[\"Eventi\"],\"inLanguage\":\"it-IT\",\"potentialAction\":[{\"@type\":\"CommentAction\",\"name\":\"Comment\",\"target\":[\"https:\/\/demohellostudio.it\/oldlcs\/lcs-partecipa-al-30-global-summit-logistics-supply-chain-2\/#respond\"]}]},{\"@type\":\"WebPage\",\"@id\":\"https:\/\/demohellostudio.it\/oldlcs\/lcs-partecipa-al-30-global-summit-logistics-supply-chain-2\/\",\"url\":\"https:\/\/demohellostudio.it\/oldlcs\/lcs-partecipa-al-30-global-summit-logistics-supply-chain-2\/\",\"name\":\"LCS partecipa al 30\u00b0 Global Summit Logistics & Supply Chain | LCS SpA\",\"isPartOf\":{\"@id\":\"https:\/\/demohellostudio.it\/oldlcs\/#website\"},\"datePublished\":\"2024-04-19T10:53:13+00:00\",\"dateModified\":\"2024-04-19T11:01:42+00:00\",\"description\":\"L'annuale appuntamento B2B, Global Summit Logistics & Supply Chain, \u00e8 un evento imperdibile che riunisce la comunit\u00e0 aziendale della logistica industriale, distributiva e della supply chain a 360 gradi. Questo evento nazionale offre workshop, sessioni di networking e incontri di business matching one2one.\",\"breadcrumb\":{\"@id\":\"https:\/\/demohellostudio.it\/oldlcs\/lcs-partecipa-al-30-global-summit-logistics-supply-chain-2\/#breadcrumb\"},\"inLanguage\":\"it-IT\",\"potentialAction\":[{\"@type\":\"ReadAction\",\"target\":[\"https:\/\/demohellostudio.it\/oldlcs\/lcs-partecipa-al-30-global-summit-logistics-supply-chain-2\/\"]}]},{\"@type\":\"BreadcrumbList\",\"@id\":\"https:\/\/demohellostudio.it\/oldlcs\/lcs-partecipa-al-30-global-summit-logistics-supply-chain-2\/#breadcrumb\",\"itemListElement\":[{\"@type\":\"ListItem\",\"position\":1,\"name\":\"Home\",\"item\":\"https:\/\/demohellostudio.it\/oldlcs\/home\/\"},{\"@type\":\"ListItem\",\"position\":2,\"name\":\"LCS partecipa al 30\u00b0 Global Summit Logistics &#038; Supply Chain\"}]},{\"@type\":\"WebSite\",\"@id\":\"https:\/\/demohellostudio.it\/oldlcs\/#website\",\"url\":\"https:\/\/demohellostudio.it\/oldlcs\/\",\"name\":\"LCS - You produce, we move.\",\"description\":\"You produce, we move.\",\"publisher\":{\"@id\":\"https:\/\/demohellostudio.it\/oldlcs\/#organization\"},\"potentialAction\":[{\"@type\":\"SearchAction\",\"target\":{\"@type\":\"EntryPoint\",\"urlTemplate\":\"https:\/\/demohellostudio.it\/oldlcs\/?s={search_term_string}\"},\"query-input\":\"required name=search_term_string\"}],\"inLanguage\":\"it-IT\"},{\"@type\":\"Organization\",\"@id\":\"https:\/\/demohellostudio.it\/oldlcs\/#organization\",\"name\":\"LCS Group\",\"url\":\"https:\/\/demohellostudio.it\/oldlcs\/\",\"logo\":{\"@type\":\"ImageObject\",\"inLanguage\":\"it-IT\",\"@id\":\"https:\/\/demohellostudio.it\/oldlcs\/#\/schema\/logo\/image\/\",\"url\":\"https:\/\/demohellostudio.it\/oldlcs\/wp-content\/uploads\/2021\/05\/lcs-logo@3x.png\",\"contentUrl\":\"https:\/\/demohellostudio.it\/oldlcs\/wp-content\/uploads\/2021\/05\/lcs-logo@3x.png\",\"width\":213,\"height\":99,\"caption\":\"LCS Group\"},\"image\":{\"@id\":\"https:\/\/demohellostudio.it\/oldlcs\/#\/schema\/logo\/image\/\"}},{\"@type\":\"Person\",\"@id\":\"https:\/\/demohellostudio.it\/oldlcs\/#\/schema\/person\/184a4b9245dc3fb3751d9173da641148\",\"name\":\"lcsgroup\",\"image\":{\"@type\":\"ImageObject\",\"inLanguage\":\"it-IT\",\"@id\":\"https:\/\/demohellostudio.it\/oldlcs\/#\/schema\/person\/image\/\",\"url\":\"https:\/\/secure.gravatar.com\/avatar\/484dfec5980f926eb03a4b15b089ff5ba466e2e36022af6de3cb70817588cda1?s=96&d=mm&r=g\",\"contentUrl\":\"https:\/\/secure.gravatar.com\/avatar\/484dfec5980f926eb03a4b15b089ff5ba466e2e36022af6de3cb70817588cda1?s=96&d=mm&r=g\",\"caption\":\"lcsgroup\"}}]}<\/script>\n<!-- \/ Yoast SEO plugin. -->","yoast_head_json":{"title":"LCS partecipa al 30\u00b0 Global Summit Logistics & Supply Chain | LCS SpA","description":"L'annuale appuntamento B2B, Global Summit Logistics & Supply Chain, \u00e8 un evento imperdibile che riunisce la comunit\u00e0 aziendale della logistica industriale, distributiva e della supply chain a 360 gradi. Questo evento nazionale offre workshop, sessioni di networking e incontri di business matching one2one.","robots":{"index":"index","follow":"follow","max-snippet":"max-snippet:-1","max-image-preview":"max-image-preview:large","max-video-preview":"max-video-preview:-1"},"canonical":"https:\/\/demohellostudio.it\/oldlcs\/lcs-partecipa-al-30-global-summit-logistics-supply-chain-2\/","og_locale":"it_IT","og_type":"article","og_title":"LCS partecipa al 30\u00b0 Global Summit Logistics & Supply Chain | LCS SpA","og_description":"L'annuale appuntamento B2B, Global Summit Logistics & Supply Chain, \u00e8 un evento imperdibile che riunisce la comunit\u00e0 aziendale della logistica industriale, distributiva e della supply chain a 360 gradi. Questo evento nazionale offre workshop, sessioni di networking e incontri di business matching one2one.","og_url":"https:\/\/demohellostudio.it\/oldlcs\/lcs-partecipa-al-30-global-summit-logistics-supply-chain-2\/","og_site_name":"LCS - You produce, we move.","article_published_time":"2024-04-19T10:53:13+00:00","article_modified_time":"2024-04-19T11:01:42+00:00","og_image":[{"width":470,"height":320,"url":"https:\/\/demohellostudio.it\/oldlcs\/wp-content\/uploads\/2024\/04\/13.-Global-Summit-.png","type":"image\/png"}],"author":"lcsgroup","twitter_card":"summary_large_image","twitter_misc":{"Scritto da":"lcsgroup","Tempo di lettura stimato":"2 minuti"},"schema":{"@context":"https:\/\/schema.org","@graph":[{"@type":"Article","@id":"https:\/\/demohellostudio.it\/oldlcs\/lcs-partecipa-al-30-global-summit-logistics-supply-chain-2\/#article","isPartOf":{"@id":"https:\/\/demohellostudio.it\/oldlcs\/lcs-partecipa-al-30-global-summit-logistics-supply-chain-2\/"},"author":{"name":"lcsgroup","@id":"https:\/\/demohellostudio.it\/oldlcs\/#\/schema\/person\/184a4b9245dc3fb3751d9173da641148"},"headline":"LCS partecipa al 30\u00b0 Global Summit Logistics &#038; Supply Chain","datePublished":"2024-04-19T10:53:13+00:00","dateModified":"2024-04-19T11:01:42+00:00","mainEntityOfPage":{"@id":"https:\/\/demohellostudio.it\/oldlcs\/lcs-partecipa-al-30-global-summit-logistics-supply-chain-2\/"},"wordCount":241,"commentCount":0,"publisher":{"@id":"https:\/\/demohellostudio.it\/oldlcs\/#organization"},"articleSection":["Eventi"],"inLanguage":"it-IT","potentialAction":[{"@type":"CommentAction","name":"Comment","target":["https:\/\/demohellostudio.it\/oldlcs\/lcs-partecipa-al-30-global-summit-logistics-supply-chain-2\/#respond"]}]},{"@type":"WebPage","@id":"https:\/\/demohellostudio.it\/oldlcs\/lcs-partecipa-al-30-global-summit-logistics-supply-chain-2\/","url":"https:\/\/demohellostudio.it\/oldlcs\/lcs-partecipa-al-30-global-summit-logistics-supply-chain-2\/","name":"LCS partecipa al 30\u00b0 Global Summit Logistics & Supply Chain | LCS SpA","isPartOf":{"@id":"https:\/\/demohellostudio.it\/oldlcs\/#website"},"datePublished":"2024-04-19T10:53:13+00:00","dateModified":"2024-04-19T11:01:42+00:00","description":"L'annuale appuntamento B2B, Global Summit Logistics & Supply Chain, \u00e8 un evento imperdibile che riunisce la comunit\u00e0 aziendale della logistica industriale, distributiva e della supply chain a 360 gradi. Questo evento nazionale offre workshop, sessioni di networking e incontri di business matching one2one.","breadcrumb":{"@id":"https:\/\/demohellostudio.it\/oldlcs\/lcs-partecipa-al-30-global-summit-logistics-supply-chain-2\/#breadcrumb"},"inLanguage":"it-IT","potentialAction":[{"@type":"ReadAction","target":["https:\/\/demohellostudio.it\/oldlcs\/lcs-partecipa-al-30-global-summit-logistics-supply-chain-2\/"]}]},{"@type":"BreadcrumbList","@id":"https:\/\/demohellostudio.it\/oldlcs\/lcs-partecipa-al-30-global-summit-logistics-supply-chain-2\/#breadcrumb","itemListElement":[{"@type":"ListItem","position":1,"name":"Home","item":"https:\/\/demohellostudio.it\/oldlcs\/home\/"},{"@type":"ListItem","position":2,"name":"LCS partecipa al 30\u00b0 Global Summit Logistics &#038; Supply Chain"}]},{"@type":"WebSite","@id":"https:\/\/demohellostudio.it\/oldlcs\/#website","url":"https:\/\/demohellostudio.it\/oldlcs\/","name":"LCS - You produce, we move.","description":"You produce, we move.","publisher":{"@id":"https:\/\/demohellostudio.it\/oldlcs\/#organization"},"potentialAction":[{"@type":"SearchAction","target":{"@type":"EntryPoint","urlTemplate":"https:\/\/demohellostudio.it\/oldlcs\/?s={search_term_string}"},"query-input":"required name=search_term_string"}],"inLanguage":"it-IT"},{"@type":"Organization","@id":"https:\/\/demohellostudio.it\/oldlcs\/#organization","name":"LCS Group","url":"https:\/\/demohellostudio.it\/oldlcs\/","logo":{"@type":"ImageObject","inLanguage":"it-IT","@id":"https:\/\/demohellostudio.it\/oldlcs\/#\/schema\/logo\/image\/","url":"https:\/\/demohellostudio.it\/oldlcs\/wp-content\/uploads\/2021\/05\/lcs-logo@3x.png","contentUrl":"https:\/\/demohellostudio.it\/oldlcs\/wp-content\/uploads\/2021\/05\/lcs-logo@3x.png","width":213,"height":99,"caption":"LCS Group"},"image":{"@id":"https:\/\/demohellostudio.it\/oldlcs\/#\/schema\/logo\/image\/"}},{"@type":"Person","@id":"https:\/\/demohellostudio.it\/oldlcs\/#\/schema\/person\/184a4b9245dc3fb3751d9173da641148","name":"lcsgroup","image":{"@type":"ImageObject","inLanguage":"it-IT","@id":"https:\/\/demohellostudio.it\/oldlcs\/#\/schema\/person\/image\/","url":"https:\/\/secure.gravatar.com\/avatar\/484dfec5980f926eb03a4b15b089ff5ba466e2e36022af6de3cb70817588cda1?s=96&d=mm&r=g","contentUrl":"https:\/\/secure.gravatar.com\/avatar\/484dfec5980f926eb03a4b15b089ff5ba466e2e36022af6de3cb70817588cda1?s=96&d=mm&r=g","caption":"lcsgroup"}}]}},"_links":{"self":[{"href":"https:\/\/demohellostudio.it\/oldlcs\/wp-json\/wp\/v2\/posts\/23308","targetHints":{"allow":["GET"]}}],"collection":[{"href":"https:\/\/demohellostudio.it\/oldlcs\/wp-json\/wp\/v2\/posts"}],"about":[{"href":"https:\/\/demohellostudio.it\/oldlcs\/wp-json\/wp\/v2\/types\/post"}],"author":[{"embeddable":true,"href":"https:\/\/demohellostudio.it\/oldlcs\/wp-json\/wp\/v2\/users\/10"}],"replies":[{"embeddable":true,"href":"https:\/\/demohellostudio.it\/oldlcs\/wp-json\/wp\/v2\/comments?post=23308"}],"version-history":[{"count":15,"href":"https:\/\/demohellostudio.it\/oldlcs\/wp-json\/wp\/v2\/posts\/23308\/revisions"}],"predecessor-version":[{"id":23923,"href":"https:\/\/demohellostudio.it\/oldlcs\/wp-json\/wp\/v2\/posts\/23308\/revisions\/23923"}],"wp:featuredmedia":[{"embeddable":true,"href":"https:\/\/demohellostudio.it\/oldlcs\/wp-json\/wp\/v2\/media\/23319"}],"wp:attachment":[{"href":"https:\/\/demohellostudio.it\/oldlcs\/wp-json\/wp\/v2\/media?parent=23308"}],"wp:term":[{"taxonomy":"category","embeddable":true,"href":"https:\/\/demohellostudio.it\/oldlcs\/wp-json\/wp\/v2\/categories?post=23308"},{"taxonomy":"post_tag","embeddable":true,"href":"https:\/\/demohellostudio.it\/oldlcs\/wp-json\/wp\/v2\/tags?post=23308"}],"curies":[{"name":"wp","href":"https:\/\/api.w.org\/{rel}","templated":true}]}}