{"id":22781,"date":"2023-07-26T17:08:50","date_gmt":"2023-07-26T15:08:50","guid":{"rendered":"https:\/\/demohellostudio.it\/oldlcs\/?p=22781"},"modified":"2023-07-26T17:18:11","modified_gmt":"2023-07-26T15:18:11","slug":"lcs-partecipa-alla-10-edizione-del-global-summit-logistics-manufacturing","status":"publish","type":"post","link":"https:\/\/demohellostudio.it\/oldlcs\/lcs-partecipa-alla-10-edizione-del-global-summit-logistics-manufacturing\/","title":{"rendered":"LCS partecipa alla 10\u00b0 edizione del Global Summit Logistics &#038; Manufacturing"},"content":{"rendered":"\t\t<div data-elementor-type=\"wp-post\" data-elementor-id=\"22781\" class=\"elementor elementor-22781\" data-elementor-settings=\"[]\">\n\t\t\t\t\t\t\t<div class=\"elementor-section-wrap\">\n\t\t\t\t\t        <section class=\"elementor-section elementor-top-section elementor-element elementor-element-41916c53 elementor-section-boxed elementor-section-height-default elementor-section-height-default\" data-id=\"41916c53\" data-element_type=\"section\">\n            \n                        <div class=\"elementor-container elementor-column-gap-default \">\n                    <div class=\"elementor-column elementor-col-100 elementor-top-column elementor-element elementor-element-3f84be33\" data-id=\"3f84be33\" data-element_type=\"column\">\n            <div class=\"elementor-widget-wrap elementor-element-populated\">\n                        \t\t<div class=\"elementor-element elementor-element-e98797c elementor-widget elementor-widget-text-editor\" data-id=\"e98797c\" data-element_type=\"widget\" data-widget_type=\"text-editor.default\">\n\t\t\t\t<div class=\"elementor-widget-container\">\n\t\t\t\t\t<div class=\"elementor-text-editor elementor-clearfix\"><h2 style=\"text-align: center;\">10\u00b0 GLOBAL SUMMIT LOGISTICS &amp; MANUFACTURING<\/h2><h3 style=\"text-align: center;\">22 &#8211; 23 NOVEMBRE 2023<\/h3><h3 style=\"text-align: center;\"><em>Centro Congressi Hotel Parchi del Garda Pacengo di Lazise (VR)<\/em><\/h3><p><img decoding=\"async\" class=\"alignnone wp-image-22784 size-full\" src=\"https:\/\/demohellostudio.it\/oldlcs\/wp-content\/uploads\/2023\/07\/1200x630.jpg\" alt=\"\" width=\"1920\" height=\"1008\" srcset=\"https:\/\/demohellostudio.it\/oldlcs\/wp-content\/uploads\/2023\/07\/1200x630.jpg 1920w, https:\/\/demohellostudio.it\/oldlcs\/wp-content\/uploads\/2023\/07\/1200x630-300x158.jpg 300w, https:\/\/demohellostudio.it\/oldlcs\/wp-content\/uploads\/2023\/07\/1200x630-1024x538.jpg 1024w, https:\/\/demohellostudio.it\/oldlcs\/wp-content\/uploads\/2023\/07\/1200x630-768x403.jpg 768w, https:\/\/demohellostudio.it\/oldlcs\/wp-content\/uploads\/2023\/07\/1200x630-1536x806.jpg 1536w\" sizes=\"(max-width: 1920px) 100vw, 1920px\" \/><\/p><h3><span style=\"letter-spacing: 0px;\">Come partecipare<\/span><\/h3><p style=\"color: #676767; font-size: 16px; font-weight: 300;\">La partecipazione in qualit\u00e0 di visitatori al\u00a0<strong>Global Summit Logistics &amp; Manufacturing<\/strong>\u00a0\u00e8 gratuita e rivolta esclusivamente a Dirigenti e Funzionari aziendali.<\/p><p style=\"color: #676767; font-size: 16px; font-weight: 300;\">ll partecipante potr\u00e0 vivere l\u2019evento con una presenza personalizzata, entrambe le giornate o parte di esse, suddivisa tra momenti in aula d\u2019approfondimento e incontri one to one con gli espositori, per conoscere proposte, servizi e soluzioni.<\/p><p style=\"color: #676767; font-size: 16px; font-weight: 300; text-align: center;\"><strong><em>La partecipazione \u00e8 subordinata alla pre-registrazione<br \/><\/em><\/strong><strong><em>fino ad esaurimento dei posti disponibili.<\/em><\/strong><\/p><h5 style=\"text-align: center;\"><span style=\"text-decoration: underline;\"><strong><a href=\"https:\/\/glmsummit.it\/visitatori\" target=\"_blank\" rel=\"noopener\">ISCRIVITI<\/a><\/strong><\/span><\/h5><h4 data-id=\"60b4b72bf35d0\" data-height=\"10\" data-height-mobile=\"10\" data-height-tab=\"10\">\u00a0<\/h4><h3 data-id=\"60b4b72bf35d0\" data-height=\"10\" data-height-mobile=\"10\" data-height-tab=\"10\">Dove si svolge?<\/h3><p><iframe loading=\"lazy\" style=\"border: 0px; pointer-events: none;\" src=\"https:\/\/www.google.com\/maps\/embed?pb=!1m14!1m8!1m3!1d11193.589404454135!2d10.7195272!3d45.461799!3m2!1i1024!2i768!4f13.1!3m3!1m2!1s0x0%3A0x40bac86fe8b0e857!2sCentro%20Congressi%20Hotel%20Parchi%20del%20Garda!5e0!3m2!1sit!2sit!4v1570088621976!5m2!1sit!2sit\" width=\"400\" height=\"300\" frameborder=\"0\" allowfullscreen=\"allowfullscreen\"><\/iframe><\/p><h3 style=\"text-align: center;\"><span style=\"letter-spacing: 0px; text-align: center; font-family: inherit;\">L\u2019appuntamento annuale dedicato alla business community dell\u2019intralogistica e del manufacturing<\/span><\/h3><p>Al <strong>Global Summit<\/strong>, proverai la soddisfazione di partecipare al <strong>pi\u00f9 completo e dinamico<\/strong> evento \u201cbusiness oriented\u201d dedicato alle soluzioni pi\u00f9 innovative e ai sistemi integrati per la gestione della logistica e della produzione, tutto concentrato in una full immersion di due giorni.<\/p><p>Avrai l\u2019opportunit\u00e0 di vivere da protagonista<strong> il pi\u00f9 importante evento<\/strong> dedicato all\u2019aggiornamento e al confronto tra professionisti, potrai conoscere e capire i moderni scenari competitivi e i trend di settore.<\/p><p>Avrai la possibilit\u00e0 di incontrare aziende leader, approfondirai tutti <strong>i vantaggi e le funzionalit\u00e0 dei pi\u00f9 evoluti strumenti<\/strong> operativi e organizzativi volti all\u2019efficientamento, per tramutare i processi da costi ad opportunit\u00e0.<\/p><p><strong>Global Summit Logistics &amp; Manufacturing<\/strong> \u00e8 un appuntamento fondamentale per conoscere le soluzioni, gli approcci e le strategie per essere sempre pi\u00f9 performanti nella gestione di logistiche sempre pi\u00f9 complesse, \u201cdigitali\u201d in ottica 4.0, in un mercato in continua evoluzione.<\/p><\/div>\n\t\t\t\t<\/div>\n\t\t\t\t<\/div>\n\t\t            <\/div>\n        <\/div>\n                            <\/div>\n        <\/section>\n                <section class=\"elementor-section elementor-top-section elementor-element elementor-element-26390a7 elementor-section-boxed elementor-section-height-default elementor-section-height-default\" data-id=\"26390a7\" data-element_type=\"section\">\n            \n                        <div class=\"elementor-container elementor-column-gap-default \">\n                    <div class=\"elementor-column elementor-col-100 elementor-top-column elementor-element elementor-element-90e1158\" data-id=\"90e1158\" data-element_type=\"column\">\n            <div class=\"elementor-widget-wrap elementor-element-populated\">\n                        \t\t<div class=\"elementor-element elementor-element-43bfd52 elementor-invisible elementor-widget elementor-widget-image\" data-id=\"43bfd52\" data-element_type=\"widget\" data-settings=\"{&quot;_animation&quot;:&quot;fadeInRight&quot;}\" data-widget_type=\"image.default\">\n\t\t\t\t<div class=\"elementor-widget-container\">\n\t\t\t\t\t<div class=\"elementor-image\">\n\t\t\t\t\t\t\t\t\t\t\t<a href=\"https:\/\/glmsummit.it\/\" target=\"_blank\">\n\t\t\t\t\t\t\t<img decoding=\"async\" width=\"640\" height=\"59\" src=\"https:\/\/demohellostudio.it\/oldlcs\/wp-content\/uploads\/2023\/07\/970x90.gif\" class=\"attachment-large size-large\" alt=\"\" \/>\t\t\t\t\t\t\t\t<\/a>\n\t\t\t\t\t\t\t\t\t\t\t<\/div>\n\t\t\t\t<\/div>\n\t\t\t\t<\/div>\n\t\t            <\/div>\n        <\/div>\n                            <\/div>\n        <\/section>\n        \t\t\t\t<\/div>\n\t\t\t\t\t<\/div>\n\t\t","protected":false},"excerpt":{"rendered":"<p>10\u00b0 GLOBAL SUMMIT LOGISTICS &amp; MANUFACTURING 22 &#8211; 23 NOVEMBRE 2023 Centro Congressi Hotel Parchi del Garda Pacengo di Lazise (VR) Come partecipare La partecipazione in qualit\u00e0 di visitatori al\u00a0Global Summit Logistics &amp; Manufacturing\u00a0\u00e8 gratuita e rivolta esclusivamente a Dirigenti e Funzionari aziendali. ll partecipante potr\u00e0 vivere l\u2019evento con una presenza personalizzata, entrambe le giornate [&hellip;]<\/p>\n","protected":false},"author":10,"featured_media":22763,"comment_status":"open","ping_status":"open","sticky":false,"template":"","format":"standard","meta":{"footnotes":""},"categories":[62],"tags":[],"class_list":["post-22781","post","type-post","status-publish","format-standard","has-post-thumbnail","hentry","category-eventi"],"yoast_head":"<!-- This site is optimized with the Yoast SEO plugin v20.2.1 - https:\/\/yoast.com\/wordpress\/plugins\/seo\/ -->\n<title>LCS partecipa alla 10\u00b0 edizione del Global Summit Logistics &amp; Manufacturing<\/title>\n<meta name=\"description\" content=\"Parteciperai al pi\u00f9 completo e dinamico evento \u201cbusiness oriented\u201d dedicato alle soluzioni pi\u00f9 innovative e ai sistemi integrati per la gestione della logistica e della produzione.\" \/>\n<meta name=\"robots\" content=\"index, follow, max-snippet:-1, max-image-preview:large, max-video-preview:-1\" \/>\n<link rel=\"canonical\" href=\"https:\/\/demohellostudio.it\/oldlcs\/lcs-partecipa-alla-10-edizione-del-global-summit-logistics-manufacturing\/\" \/>\n<meta property=\"og:locale\" content=\"it_IT\" \/>\n<meta property=\"og:type\" content=\"article\" \/>\n<meta property=\"og:title\" content=\"LCS partecipa alla 10\u00b0 edizione del Global Summit Logistics &amp; Manufacturing\" \/>\n<meta property=\"og:description\" content=\"Parteciperai al pi\u00f9 completo e dinamico evento \u201cbusiness oriented\u201d dedicato alle soluzioni pi\u00f9 innovative e ai sistemi integrati per la gestione della logistica e della produzione.\" \/>\n<meta property=\"og:url\" content=\"https:\/\/demohellostudio.it\/oldlcs\/lcs-partecipa-alla-10-edizione-del-global-summit-logistics-manufacturing\/\" \/>\n<meta property=\"og:site_name\" content=\"LCS - You produce, we move.\" \/>\n<meta property=\"article:published_time\" content=\"2023-07-26T15:08:50+00:00\" \/>\n<meta property=\"article:modified_time\" content=\"2023-07-26T15:18:11+00:00\" \/>\n<meta property=\"og:image\" content=\"https:\/\/demohellostudio.it\/oldlcs\/wp-content\/uploads\/2023\/07\/53.-Global-Summit-23.png\" \/>\n\t<meta property=\"og:image:width\" content=\"470\" \/>\n\t<meta property=\"og:image:height\" content=\"320\" \/>\n\t<meta property=\"og:image:type\" content=\"image\/png\" \/>\n<meta name=\"author\" content=\"lcsgroup\" \/>\n<meta name=\"twitter:card\" content=\"summary_large_image\" \/>\n<meta name=\"twitter:label1\" content=\"Scritto da\" \/>\n\t<meta name=\"twitter:data1\" content=\"lcsgroup\" \/>\n\t<meta name=\"twitter:label2\" content=\"Tempo di lettura stimato\" \/>\n\t<meta name=\"twitter:data2\" content=\"2 minuti\" \/>\n<script type=\"application\/ld+json\" class=\"yoast-schema-graph\">{\"@context\":\"https:\/\/schema.org\",\"@graph\":[{\"@type\":\"Article\",\"@id\":\"https:\/\/demohellostudio.it\/oldlcs\/lcs-partecipa-alla-10-edizione-del-global-summit-logistics-manufacturing\/#article\",\"isPartOf\":{\"@id\":\"https:\/\/demohellostudio.it\/oldlcs\/lcs-partecipa-alla-10-edizione-del-global-summit-logistics-manufacturing\/\"},\"author\":{\"name\":\"lcsgroup\",\"@id\":\"https:\/\/demohellostudio.it\/oldlcs\/#\/schema\/person\/184a4b9245dc3fb3751d9173da641148\"},\"headline\":\"LCS partecipa alla 10\u00b0 edizione del Global Summit Logistics &#038; Manufacturing\",\"datePublished\":\"2023-07-26T15:08:50+00:00\",\"dateModified\":\"2023-07-26T15:18:11+00:00\",\"mainEntityOfPage\":{\"@id\":\"https:\/\/demohellostudio.it\/oldlcs\/lcs-partecipa-alla-10-edizione-del-global-summit-logistics-manufacturing\/\"},\"wordCount\":258,\"commentCount\":0,\"publisher\":{\"@id\":\"https:\/\/demohellostudio.it\/oldlcs\/#organization\"},\"articleSection\":[\"Eventi\"],\"inLanguage\":\"it-IT\",\"potentialAction\":[{\"@type\":\"CommentAction\",\"name\":\"Comment\",\"target\":[\"https:\/\/demohellostudio.it\/oldlcs\/lcs-partecipa-alla-10-edizione-del-global-summit-logistics-manufacturing\/#respond\"]}]},{\"@type\":\"WebPage\",\"@id\":\"https:\/\/demohellostudio.it\/oldlcs\/lcs-partecipa-alla-10-edizione-del-global-summit-logistics-manufacturing\/\",\"url\":\"https:\/\/demohellostudio.it\/oldlcs\/lcs-partecipa-alla-10-edizione-del-global-summit-logistics-manufacturing\/\",\"name\":\"LCS partecipa alla 10\u00b0 edizione del Global Summit Logistics & Manufacturing\",\"isPartOf\":{\"@id\":\"https:\/\/demohellostudio.it\/oldlcs\/#website\"},\"datePublished\":\"2023-07-26T15:08:50+00:00\",\"dateModified\":\"2023-07-26T15:18:11+00:00\",\"description\":\"Parteciperai al pi\u00f9 completo e dinamico evento \u201cbusiness oriented\u201d dedicato alle soluzioni pi\u00f9 innovative e ai sistemi integrati per la gestione della logistica e della produzione.\",\"breadcrumb\":{\"@id\":\"https:\/\/demohellostudio.it\/oldlcs\/lcs-partecipa-alla-10-edizione-del-global-summit-logistics-manufacturing\/#breadcrumb\"},\"inLanguage\":\"it-IT\",\"potentialAction\":[{\"@type\":\"ReadAction\",\"target\":[\"https:\/\/demohellostudio.it\/oldlcs\/lcs-partecipa-alla-10-edizione-del-global-summit-logistics-manufacturing\/\"]}]},{\"@type\":\"BreadcrumbList\",\"@id\":\"https:\/\/demohellostudio.it\/oldlcs\/lcs-partecipa-alla-10-edizione-del-global-summit-logistics-manufacturing\/#breadcrumb\",\"itemListElement\":[{\"@type\":\"ListItem\",\"position\":1,\"name\":\"Home\",\"item\":\"https:\/\/demohellostudio.it\/oldlcs\/home\/\"},{\"@type\":\"ListItem\",\"position\":2,\"name\":\"LCS partecipa alla 10\u00b0 edizione del Global Summit Logistics &#038; Manufacturing\"}]},{\"@type\":\"WebSite\",\"@id\":\"https:\/\/demohellostudio.it\/oldlcs\/#website\",\"url\":\"https:\/\/demohellostudio.it\/oldlcs\/\",\"name\":\"LCS - You produce, we move.\",\"description\":\"You produce, we move.\",\"publisher\":{\"@id\":\"https:\/\/demohellostudio.it\/oldlcs\/#organization\"},\"potentialAction\":[{\"@type\":\"SearchAction\",\"target\":{\"@type\":\"EntryPoint\",\"urlTemplate\":\"https:\/\/demohellostudio.it\/oldlcs\/?s={search_term_string}\"},\"query-input\":\"required name=search_term_string\"}],\"inLanguage\":\"it-IT\"},{\"@type\":\"Organization\",\"@id\":\"https:\/\/demohellostudio.it\/oldlcs\/#organization\",\"name\":\"LCS Group\",\"url\":\"https:\/\/demohellostudio.it\/oldlcs\/\",\"logo\":{\"@type\":\"ImageObject\",\"inLanguage\":\"it-IT\",\"@id\":\"https:\/\/demohellostudio.it\/oldlcs\/#\/schema\/logo\/image\/\",\"url\":\"https:\/\/demohellostudio.it\/oldlcs\/wp-content\/uploads\/2021\/05\/lcs-logo@3x.png\",\"contentUrl\":\"https:\/\/demohellostudio.it\/oldlcs\/wp-content\/uploads\/2021\/05\/lcs-logo@3x.png\",\"width\":213,\"height\":99,\"caption\":\"LCS Group\"},\"image\":{\"@id\":\"https:\/\/demohellostudio.it\/oldlcs\/#\/schema\/logo\/image\/\"}},{\"@type\":\"Person\",\"@id\":\"https:\/\/demohellostudio.it\/oldlcs\/#\/schema\/person\/184a4b9245dc3fb3751d9173da641148\",\"name\":\"lcsgroup\",\"image\":{\"@type\":\"ImageObject\",\"inLanguage\":\"it-IT\",\"@id\":\"https:\/\/demohellostudio.it\/oldlcs\/#\/schema\/person\/image\/\",\"url\":\"https:\/\/secure.gravatar.com\/avatar\/484dfec5980f926eb03a4b15b089ff5ba466e2e36022af6de3cb70817588cda1?s=96&d=mm&r=g\",\"contentUrl\":\"https:\/\/secure.gravatar.com\/avatar\/484dfec5980f926eb03a4b15b089ff5ba466e2e36022af6de3cb70817588cda1?s=96&d=mm&r=g\",\"caption\":\"lcsgroup\"}}]}<\/script>\n<!-- \/ Yoast SEO plugin. -->","yoast_head_json":{"title":"LCS partecipa alla 10\u00b0 edizione del Global Summit Logistics & Manufacturing","description":"Parteciperai al pi\u00f9 completo e dinamico evento \u201cbusiness oriented\u201d dedicato alle soluzioni pi\u00f9 innovative e ai sistemi integrati per la gestione della logistica e della produzione.","robots":{"index":"index","follow":"follow","max-snippet":"max-snippet:-1","max-image-preview":"max-image-preview:large","max-video-preview":"max-video-preview:-1"},"canonical":"https:\/\/demohellostudio.it\/oldlcs\/lcs-partecipa-alla-10-edizione-del-global-summit-logistics-manufacturing\/","og_locale":"it_IT","og_type":"article","og_title":"LCS partecipa alla 10\u00b0 edizione del Global Summit Logistics & Manufacturing","og_description":"Parteciperai al pi\u00f9 completo e dinamico evento \u201cbusiness oriented\u201d dedicato alle soluzioni pi\u00f9 innovative e ai sistemi integrati per la gestione della logistica e della produzione.","og_url":"https:\/\/demohellostudio.it\/oldlcs\/lcs-partecipa-alla-10-edizione-del-global-summit-logistics-manufacturing\/","og_site_name":"LCS - You produce, we move.","article_published_time":"2023-07-26T15:08:50+00:00","article_modified_time":"2023-07-26T15:18:11+00:00","og_image":[{"width":470,"height":320,"url":"https:\/\/demohellostudio.it\/oldlcs\/wp-content\/uploads\/2023\/07\/53.-Global-Summit-23.png","type":"image\/png"}],"author":"lcsgroup","twitter_card":"summary_large_image","twitter_misc":{"Scritto da":"lcsgroup","Tempo di lettura stimato":"2 minuti"},"schema":{"@context":"https:\/\/schema.org","@graph":[{"@type":"Article","@id":"https:\/\/demohellostudio.it\/oldlcs\/lcs-partecipa-alla-10-edizione-del-global-summit-logistics-manufacturing\/#article","isPartOf":{"@id":"https:\/\/demohellostudio.it\/oldlcs\/lcs-partecipa-alla-10-edizione-del-global-summit-logistics-manufacturing\/"},"author":{"name":"lcsgroup","@id":"https:\/\/demohellostudio.it\/oldlcs\/#\/schema\/person\/184a4b9245dc3fb3751d9173da641148"},"headline":"LCS partecipa alla 10\u00b0 edizione del Global Summit Logistics &#038; Manufacturing","datePublished":"2023-07-26T15:08:50+00:00","dateModified":"2023-07-26T15:18:11+00:00","mainEntityOfPage":{"@id":"https:\/\/demohellostudio.it\/oldlcs\/lcs-partecipa-alla-10-edizione-del-global-summit-logistics-manufacturing\/"},"wordCount":258,"commentCount":0,"publisher":{"@id":"https:\/\/demohellostudio.it\/oldlcs\/#organization"},"articleSection":["Eventi"],"inLanguage":"it-IT","potentialAction":[{"@type":"CommentAction","name":"Comment","target":["https:\/\/demohellostudio.it\/oldlcs\/lcs-partecipa-alla-10-edizione-del-global-summit-logistics-manufacturing\/#respond"]}]},{"@type":"WebPage","@id":"https:\/\/demohellostudio.it\/oldlcs\/lcs-partecipa-alla-10-edizione-del-global-summit-logistics-manufacturing\/","url":"https:\/\/demohellostudio.it\/oldlcs\/lcs-partecipa-alla-10-edizione-del-global-summit-logistics-manufacturing\/","name":"LCS partecipa alla 10\u00b0 edizione del Global Summit Logistics & Manufacturing","isPartOf":{"@id":"https:\/\/demohellostudio.it\/oldlcs\/#website"},"datePublished":"2023-07-26T15:08:50+00:00","dateModified":"2023-07-26T15:18:11+00:00","description":"Parteciperai al pi\u00f9 completo e dinamico evento \u201cbusiness oriented\u201d dedicato alle soluzioni pi\u00f9 innovative e ai sistemi integrati per la gestione della logistica e della produzione.","breadcrumb":{"@id":"https:\/\/demohellostudio.it\/oldlcs\/lcs-partecipa-alla-10-edizione-del-global-summit-logistics-manufacturing\/#breadcrumb"},"inLanguage":"it-IT","potentialAction":[{"@type":"ReadAction","target":["https:\/\/demohellostudio.it\/oldlcs\/lcs-partecipa-alla-10-edizione-del-global-summit-logistics-manufacturing\/"]}]},{"@type":"BreadcrumbList","@id":"https:\/\/demohellostudio.it\/oldlcs\/lcs-partecipa-alla-10-edizione-del-global-summit-logistics-manufacturing\/#breadcrumb","itemListElement":[{"@type":"ListItem","position":1,"name":"Home","item":"https:\/\/demohellostudio.it\/oldlcs\/home\/"},{"@type":"ListItem","position":2,"name":"LCS partecipa alla 10\u00b0 edizione del Global Summit Logistics &#038; Manufacturing"}]},{"@type":"WebSite","@id":"https:\/\/demohellostudio.it\/oldlcs\/#website","url":"https:\/\/demohellostudio.it\/oldlcs\/","name":"LCS - You produce, we move.","description":"You produce, we move.","publisher":{"@id":"https:\/\/demohellostudio.it\/oldlcs\/#organization"},"potentialAction":[{"@type":"SearchAction","target":{"@type":"EntryPoint","urlTemplate":"https:\/\/demohellostudio.it\/oldlcs\/?s={search_term_string}"},"query-input":"required name=search_term_string"}],"inLanguage":"it-IT"},{"@type":"Organization","@id":"https:\/\/demohellostudio.it\/oldlcs\/#organization","name":"LCS Group","url":"https:\/\/demohellostudio.it\/oldlcs\/","logo":{"@type":"ImageObject","inLanguage":"it-IT","@id":"https:\/\/demohellostudio.it\/oldlcs\/#\/schema\/logo\/image\/","url":"https:\/\/demohellostudio.it\/oldlcs\/wp-content\/uploads\/2021\/05\/lcs-logo@3x.png","contentUrl":"https:\/\/demohellostudio.it\/oldlcs\/wp-content\/uploads\/2021\/05\/lcs-logo@3x.png","width":213,"height":99,"caption":"LCS Group"},"image":{"@id":"https:\/\/demohellostudio.it\/oldlcs\/#\/schema\/logo\/image\/"}},{"@type":"Person","@id":"https:\/\/demohellostudio.it\/oldlcs\/#\/schema\/person\/184a4b9245dc3fb3751d9173da641148","name":"lcsgroup","image":{"@type":"ImageObject","inLanguage":"it-IT","@id":"https:\/\/demohellostudio.it\/oldlcs\/#\/schema\/person\/image\/","url":"https:\/\/secure.gravatar.com\/avatar\/484dfec5980f926eb03a4b15b089ff5ba466e2e36022af6de3cb70817588cda1?s=96&d=mm&r=g","contentUrl":"https:\/\/secure.gravatar.com\/avatar\/484dfec5980f926eb03a4b15b089ff5ba466e2e36022af6de3cb70817588cda1?s=96&d=mm&r=g","caption":"lcsgroup"}}]}},"_links":{"self":[{"href":"https:\/\/demohellostudio.it\/oldlcs\/wp-json\/wp\/v2\/posts\/22781","targetHints":{"allow":["GET"]}}],"collection":[{"href":"https:\/\/demohellostudio.it\/oldlcs\/wp-json\/wp\/v2\/posts"}],"about":[{"href":"https:\/\/demohellostudio.it\/oldlcs\/wp-json\/wp\/v2\/types\/post"}],"author":[{"embeddable":true,"href":"https:\/\/demohellostudio.it\/oldlcs\/wp-json\/wp\/v2\/users\/10"}],"replies":[{"embeddable":true,"href":"https:\/\/demohellostudio.it\/oldlcs\/wp-json\/wp\/v2\/comments?post=22781"}],"version-history":[{"count":13,"href":"https:\/\/demohellostudio.it\/oldlcs\/wp-json\/wp\/v2\/posts\/22781\/revisions"}],"predecessor-version":[{"id":22801,"href":"https:\/\/demohellostudio.it\/oldlcs\/wp-json\/wp\/v2\/posts\/22781\/revisions\/22801"}],"wp:featuredmedia":[{"embeddable":true,"href":"https:\/\/demohellostudio.it\/oldlcs\/wp-json\/wp\/v2\/media\/22763"}],"wp:attachment":[{"href":"https:\/\/demohellostudio.it\/oldlcs\/wp-json\/wp\/v2\/media?parent=22781"}],"wp:term":[{"taxonomy":"category","embeddable":true,"href":"https:\/\/demohellostudio.it\/oldlcs\/wp-json\/wp\/v2\/categories?post=22781"},{"taxonomy":"post_tag","embeddable":true,"href":"https:\/\/demohellostudio.it\/oldlcs\/wp-json\/wp\/v2\/tags?post=22781"}],"curies":[{"name":"wp","href":"https:\/\/api.w.org\/{rel}","templated":true}]}}