{"id":21119,"date":"2023-03-09T16:55:08","date_gmt":"2023-03-09T15:55:08","guid":{"rendered":"https:\/\/demohellostudio.it\/oldlcs\/?p=21119"},"modified":"2023-03-09T17:24:41","modified_gmt":"2023-03-09T16:24:41","slug":"lcs-partecipa-allevento-pharma-hub-week","status":"publish","type":"post","link":"https:\/\/demohellostudio.it\/oldlcs\/lcs-partecipa-allevento-pharma-hub-week\/","title":{"rendered":"LCS partecipa all&#8217;evento Pharma Hub Week"},"content":{"rendered":"\t\t<div data-elementor-type=\"wp-post\" data-elementor-id=\"21119\" class=\"elementor elementor-21119\" data-elementor-settings=\"[]\">\n\t\t\t\t\t\t\t<div class=\"elementor-section-wrap\">\n\t\t\t\t\t        <section class=\"elementor-section elementor-top-section elementor-element elementor-element-7f39c7db elementor-section-boxed elementor-section-height-default elementor-section-height-default\" data-id=\"7f39c7db\" data-element_type=\"section\">\n            \n                        <div class=\"elementor-container elementor-column-gap-default \">\n                    <div class=\"elementor-column elementor-col-100 elementor-top-column elementor-element elementor-element-66e7eab1\" data-id=\"66e7eab1\" data-element_type=\"column\">\n            <div class=\"elementor-widget-wrap elementor-element-populated\">\n                        \t\t<div class=\"elementor-element elementor-element-5864f0da elementor-widget elementor-widget-text-editor\" data-id=\"5864f0da\" data-element_type=\"widget\" data-widget_type=\"text-editor.default\">\n\t\t\t\t<div class=\"elementor-widget-container\">\n\t\t\t\t\t<div class=\"elementor-text-editor elementor-clearfix\"><p><img decoding=\"async\" class=\"aligncenter wp-image-21127 size-full\" src=\"https:\/\/demohellostudio.it\/oldlcs\/wp-content\/uploads\/2023\/03\/LCS-Com.Kit_.jpg\" alt=\"\" width=\"1080\" height=\"1080\" srcset=\"https:\/\/demohellostudio.it\/oldlcs\/wp-content\/uploads\/2023\/03\/LCS-Com.Kit_.jpg 1080w, https:\/\/demohellostudio.it\/oldlcs\/wp-content\/uploads\/2023\/03\/LCS-Com.Kit_-300x300.jpg 300w, https:\/\/demohellostudio.it\/oldlcs\/wp-content\/uploads\/2023\/03\/LCS-Com.Kit_-1024x1024.jpg 1024w, https:\/\/demohellostudio.it\/oldlcs\/wp-content\/uploads\/2023\/03\/LCS-Com.Kit_-150x150.jpg 150w, https:\/\/demohellostudio.it\/oldlcs\/wp-content\/uploads\/2023\/03\/LCS-Com.Kit_-768x768.jpg 768w, https:\/\/demohellostudio.it\/oldlcs\/wp-content\/uploads\/2023\/03\/LCS-Com.Kit_-100x100.jpg 100w\" sizes=\"(max-width: 1080px) 100vw, 1080px\" \/><\/p><div class=\"wpb_text_column wpb_content_element \"><div id=\"ultimate-heading-327160b4b86f3fbab\" class=\"uvc-heading ult-adjust-bottom-margin ultimate-heading-327160b4b86f3fbab uvc-7268 \" data-hspacer=\"no_spacer\" data-halign=\"center\"><div class=\"uvc-main-heading ult-responsive\" data-ultimate-target=\".uvc-heading.ultimate-heading-327160b4b86f3fbab h3\" data-responsive-json-new=\"{\"><p style=\"text-align: left;\"><span style=\"font-size: 16px;\">LCS partecipa per la prima volta all&#8217;evento <\/span><strong style=\"font-size: 16px;\">Pharma Hub Week<\/strong><span style=\"font-size: 16px;\">: il primo evento italiano che mette a disposizione dei <\/span><strong style=\"font-size: 16px;\">professionisti del pharma<\/strong><span style=\"font-size: 16px;\"> contenuti e aggiornamenti continui con conferenze, formazione tecnica, long training program, articoli, interviste e video. L&#8217;evento infatti rappresenta\u00a0il primo hub di incontro per i top manager del <\/span><strong style=\"font-size: 16px;\">settore life science<\/strong><span style=\"font-size: 16px;\"> per un confronto trasversale di strategie e best practice.\u00a0<\/span><\/p><div class=\"wpb_text_column wpb_content_element \"><div class=\"wpb_wrapper\"><p><strong>PharmaHub<\/strong> si rivolge a tutte le aree aziendali pi\u00f9 significative e si focalizza su: Quality Assurance, Produzione, <strong>Packaging e Logistica<\/strong>, Farmacovigilanza, Regulatory, Ricerca e Sviluppo, Digital Marketing, Cosmetica e Dispositivi Medici.<\/p><p>Due giornate di full immersion\u00a0che coinvolgeranno oltre <strong>46\u00a0Speaker\u00a0<\/strong>con pi\u00f9\u00a0di<strong>\u00a0200 partecipanti\u00a0<\/strong>attesi.<\/p><ul><li><strong>Prima giornata<\/strong>: evento live streaming il <span style=\"text-decoration: underline;\">23 Marzo 2023.<\/span><\/li><li><strong>Seconda giornata<\/strong>: main conference in presenza il <span style=\"text-decoration: underline;\">4 Maggio 2023<\/span> presso il <i>Novotel Ca&#8217; Granda <\/i>di Milano.\u00a0<\/li><\/ul><\/div><\/div><\/div><\/div><\/div><p>Nello specifico <strong>LCS<\/strong> sar\u00e0 disponibile durante l&#8217;evento online tramite chat per approfondire eventuali necessit\u00e0 e presenzier\u00e0 alla <strong>Tavola Rotonda del 4 Maggio<\/strong>, nella sessione pomeridiana dedicata alla <strong>Supply Chain<\/strong>. Un momento unico di confronto in cui parleremo di come le aziende possano <strong>rimanere competitive sul mercato<\/strong> grazie all\u2019<strong>automazione dei processi<\/strong>. Analizzeremo inoltre i <strong>benefici dell<\/strong>&#8216;<strong>automazione di magazzino<\/strong> in termini operativi ed economici.\u00a0<\/p><div class=\"wpb_text_column wpb_content_element \"><div id=\"ultimate-heading-327160b4b86f3fbab\" class=\"uvc-heading ult-adjust-bottom-margin ultimate-heading-327160b4b86f3fbab uvc-7268 \" data-hspacer=\"no_spacer\" data-halign=\"center\"><div class=\"uvc-main-heading ult-responsive\" data-ultimate-target=\".uvc-heading.ultimate-heading-327160b4b86f3fbab h3\" data-responsive-json-new=\"{\"><div class=\"wpb_text_column wpb_content_element \"><div class=\"wpb_wrapper\"><p style=\"text-align: right;\">Clicca <strong><a href=\"https:\/\/pharmahub-week.com\/agenda\/#inizioAgenda407\" target=\"_blank\" rel=\"noopener\"><span style=\"text-decoration: underline;\">QUI <\/span><\/a><\/strong>per scoprire l&#8217;agenda delle due giornate.\u00a0<\/p><\/div><\/div><\/div><\/div><div class=\"wpb_text_column wpb_content_element \"><div class=\"wpb_wrapper\"><div class=\"wpb_text_column wpb_content_element \"><h2 style=\"text-align: left;\">Evento in presenza 4 Maggio 2023:<\/h2><div class=\"wpb_text_column wpb_content_element \"><div><iframe loading=\"lazy\" style=\"border: 0;\" src=\"https:\/\/www.google.com\/maps\/embed?pb=!1m18!1m12!1m3!1d2796.172800405017!2d9.194024715558879!3d45.50659997910158!2m3!1f0!2f0!3f0!3m2!1i1024!2i768!4f13.1!3m3!1m2!1s0x4786c0cd355f50fd%3A0x20383f3f84883d95!2sHotel%20Novotel%20Milano%20Nord%20Ca'%20Granda!5e0!3m2!1sit!2sit!4v1678378820495!5m2!1sit!2sit\" width=\"600\" height=\"450\" allowfullscreen=\"allowfullscreen\"><\/iframe><\/div><div>\u00a0<\/div><\/div><\/div><\/div><\/div><\/div><\/div>\n\t\t\t\t<\/div>\n\t\t\t\t<\/div>\n\t\t            <\/div>\n        <\/div>\n                            <\/div>\n        <\/section>\n        \t\t\t\t<\/div>\n\t\t\t\t\t<\/div>\n\t\t","protected":false},"excerpt":{"rendered":"<p>LCS partecipa per la prima volta all&#8217;evento Pharma Hub Week: il primo evento italiano che mette a disposizione dei professionisti del pharma contenuti e aggiornamenti continui con conferenze, formazione tecnica, long training program, articoli, interviste e video. L&#8217;evento infatti rappresenta\u00a0il primo hub di incontro per i top manager del settore life science per un confronto [&hellip;]<\/p>\n","protected":false},"author":10,"featured_media":21123,"comment_status":"open","ping_status":"open","sticky":false,"template":"","format":"standard","meta":{"footnotes":""},"categories":[62],"tags":[],"class_list":["post-21119","post","type-post","status-publish","format-standard","has-post-thumbnail","hentry","category-eventi"],"yoast_head":"<!-- This site is optimized with the Yoast SEO plugin v20.2.1 - https:\/\/yoast.com\/wordpress\/plugins\/seo\/ -->\n<title>LCS partecipa all&#039;evento Pharma Hub Week | LCS SpA<\/title>\n<meta name=\"description\" content=\"Il primo hub di incontro per i top manager del settore life science per un confronto trasversale di strategie e best practice.\" \/>\n<meta name=\"robots\" content=\"index, follow, max-snippet:-1, max-image-preview:large, max-video-preview:-1\" \/>\n<link rel=\"canonical\" href=\"https:\/\/demohellostudio.it\/oldlcs\/lcs-partecipa-allevento-pharma-hub-week\/\" \/>\n<meta property=\"og:locale\" content=\"it_IT\" \/>\n<meta property=\"og:type\" content=\"article\" \/>\n<meta property=\"og:title\" content=\"LCS partecipa all&#039;evento Pharma Hub Week | LCS SpA\" \/>\n<meta property=\"og:description\" content=\"Il primo hub di incontro per i top manager del settore life science per un confronto trasversale di strategie e best practice.\" \/>\n<meta property=\"og:url\" content=\"https:\/\/demohellostudio.it\/oldlcs\/lcs-partecipa-allevento-pharma-hub-week\/\" \/>\n<meta property=\"og:site_name\" content=\"LCS - You produce, we move.\" \/>\n<meta property=\"article:published_time\" content=\"2023-03-09T15:55:08+00:00\" \/>\n<meta property=\"article:modified_time\" content=\"2023-03-09T16:24:41+00:00\" \/>\n<meta property=\"og:image\" content=\"https:\/\/demohellostudio.it\/oldlcs\/wp-content\/uploads\/2023\/03\/47.-PharmaHub-Week.png\" \/>\n\t<meta property=\"og:image:width\" content=\"470\" \/>\n\t<meta property=\"og:image:height\" content=\"320\" \/>\n\t<meta property=\"og:image:type\" content=\"image\/png\" \/>\n<meta name=\"author\" content=\"lcsgroup\" \/>\n<meta name=\"twitter:card\" content=\"summary_large_image\" \/>\n<meta name=\"twitter:label1\" content=\"Scritto da\" \/>\n\t<meta name=\"twitter:data1\" content=\"lcsgroup\" \/>\n\t<meta name=\"twitter:label2\" content=\"Tempo di lettura stimato\" \/>\n\t<meta name=\"twitter:data2\" content=\"2 minuti\" \/>\n<script type=\"application\/ld+json\" class=\"yoast-schema-graph\">{\"@context\":\"https:\/\/schema.org\",\"@graph\":[{\"@type\":\"Article\",\"@id\":\"https:\/\/demohellostudio.it\/oldlcs\/lcs-partecipa-allevento-pharma-hub-week\/#article\",\"isPartOf\":{\"@id\":\"https:\/\/demohellostudio.it\/oldlcs\/lcs-partecipa-allevento-pharma-hub-week\/\"},\"author\":{\"name\":\"lcsgroup\",\"@id\":\"https:\/\/demohellostudio.it\/oldlcs\/#\/schema\/person\/184a4b9245dc3fb3751d9173da641148\"},\"headline\":\"LCS partecipa all&#8217;evento Pharma Hub Week\",\"datePublished\":\"2023-03-09T15:55:08+00:00\",\"dateModified\":\"2023-03-09T16:24:41+00:00\",\"mainEntityOfPage\":{\"@id\":\"https:\/\/demohellostudio.it\/oldlcs\/lcs-partecipa-allevento-pharma-hub-week\/\"},\"wordCount\":215,\"commentCount\":0,\"publisher\":{\"@id\":\"https:\/\/demohellostudio.it\/oldlcs\/#organization\"},\"articleSection\":[\"Eventi\"],\"inLanguage\":\"it-IT\",\"potentialAction\":[{\"@type\":\"CommentAction\",\"name\":\"Comment\",\"target\":[\"https:\/\/demohellostudio.it\/oldlcs\/lcs-partecipa-allevento-pharma-hub-week\/#respond\"]}]},{\"@type\":\"WebPage\",\"@id\":\"https:\/\/demohellostudio.it\/oldlcs\/lcs-partecipa-allevento-pharma-hub-week\/\",\"url\":\"https:\/\/demohellostudio.it\/oldlcs\/lcs-partecipa-allevento-pharma-hub-week\/\",\"name\":\"LCS partecipa all'evento Pharma Hub Week | LCS SpA\",\"isPartOf\":{\"@id\":\"https:\/\/demohellostudio.it\/oldlcs\/#website\"},\"datePublished\":\"2023-03-09T15:55:08+00:00\",\"dateModified\":\"2023-03-09T16:24:41+00:00\",\"description\":\"Il primo hub di incontro per i top manager del settore life science per un confronto trasversale di strategie e best practice.\",\"breadcrumb\":{\"@id\":\"https:\/\/demohellostudio.it\/oldlcs\/lcs-partecipa-allevento-pharma-hub-week\/#breadcrumb\"},\"inLanguage\":\"it-IT\",\"potentialAction\":[{\"@type\":\"ReadAction\",\"target\":[\"https:\/\/demohellostudio.it\/oldlcs\/lcs-partecipa-allevento-pharma-hub-week\/\"]}]},{\"@type\":\"BreadcrumbList\",\"@id\":\"https:\/\/demohellostudio.it\/oldlcs\/lcs-partecipa-allevento-pharma-hub-week\/#breadcrumb\",\"itemListElement\":[{\"@type\":\"ListItem\",\"position\":1,\"name\":\"Home\",\"item\":\"https:\/\/demohellostudio.it\/oldlcs\/home\/\"},{\"@type\":\"ListItem\",\"position\":2,\"name\":\"LCS partecipa all&#8217;evento Pharma Hub Week\"}]},{\"@type\":\"WebSite\",\"@id\":\"https:\/\/demohellostudio.it\/oldlcs\/#website\",\"url\":\"https:\/\/demohellostudio.it\/oldlcs\/\",\"name\":\"LCS - You produce, we move.\",\"description\":\"You produce, we move.\",\"publisher\":{\"@id\":\"https:\/\/demohellostudio.it\/oldlcs\/#organization\"},\"potentialAction\":[{\"@type\":\"SearchAction\",\"target\":{\"@type\":\"EntryPoint\",\"urlTemplate\":\"https:\/\/demohellostudio.it\/oldlcs\/?s={search_term_string}\"},\"query-input\":\"required name=search_term_string\"}],\"inLanguage\":\"it-IT\"},{\"@type\":\"Organization\",\"@id\":\"https:\/\/demohellostudio.it\/oldlcs\/#organization\",\"name\":\"LCS Group\",\"url\":\"https:\/\/demohellostudio.it\/oldlcs\/\",\"logo\":{\"@type\":\"ImageObject\",\"inLanguage\":\"it-IT\",\"@id\":\"https:\/\/demohellostudio.it\/oldlcs\/#\/schema\/logo\/image\/\",\"url\":\"https:\/\/demohellostudio.it\/oldlcs\/wp-content\/uploads\/2021\/05\/lcs-logo@3x.png\",\"contentUrl\":\"https:\/\/demohellostudio.it\/oldlcs\/wp-content\/uploads\/2021\/05\/lcs-logo@3x.png\",\"width\":213,\"height\":99,\"caption\":\"LCS Group\"},\"image\":{\"@id\":\"https:\/\/demohellostudio.it\/oldlcs\/#\/schema\/logo\/image\/\"}},{\"@type\":\"Person\",\"@id\":\"https:\/\/demohellostudio.it\/oldlcs\/#\/schema\/person\/184a4b9245dc3fb3751d9173da641148\",\"name\":\"lcsgroup\",\"image\":{\"@type\":\"ImageObject\",\"inLanguage\":\"it-IT\",\"@id\":\"https:\/\/demohellostudio.it\/oldlcs\/#\/schema\/person\/image\/\",\"url\":\"https:\/\/secure.gravatar.com\/avatar\/484dfec5980f926eb03a4b15b089ff5ba466e2e36022af6de3cb70817588cda1?s=96&d=mm&r=g\",\"contentUrl\":\"https:\/\/secure.gravatar.com\/avatar\/484dfec5980f926eb03a4b15b089ff5ba466e2e36022af6de3cb70817588cda1?s=96&d=mm&r=g\",\"caption\":\"lcsgroup\"}}]}<\/script>\n<!-- \/ Yoast SEO plugin. -->","yoast_head_json":{"title":"LCS partecipa all'evento Pharma Hub Week | LCS SpA","description":"Il primo hub di incontro per i top manager del settore life science per un confronto trasversale di strategie e best practice.","robots":{"index":"index","follow":"follow","max-snippet":"max-snippet:-1","max-image-preview":"max-image-preview:large","max-video-preview":"max-video-preview:-1"},"canonical":"https:\/\/demohellostudio.it\/oldlcs\/lcs-partecipa-allevento-pharma-hub-week\/","og_locale":"it_IT","og_type":"article","og_title":"LCS partecipa all'evento Pharma Hub Week | LCS SpA","og_description":"Il primo hub di incontro per i top manager del settore life science per un confronto trasversale di strategie e best practice.","og_url":"https:\/\/demohellostudio.it\/oldlcs\/lcs-partecipa-allevento-pharma-hub-week\/","og_site_name":"LCS - You produce, we move.","article_published_time":"2023-03-09T15:55:08+00:00","article_modified_time":"2023-03-09T16:24:41+00:00","og_image":[{"width":470,"height":320,"url":"https:\/\/demohellostudio.it\/oldlcs\/wp-content\/uploads\/2023\/03\/47.-PharmaHub-Week.png","type":"image\/png"}],"author":"lcsgroup","twitter_card":"summary_large_image","twitter_misc":{"Scritto da":"lcsgroup","Tempo di lettura stimato":"2 minuti"},"schema":{"@context":"https:\/\/schema.org","@graph":[{"@type":"Article","@id":"https:\/\/demohellostudio.it\/oldlcs\/lcs-partecipa-allevento-pharma-hub-week\/#article","isPartOf":{"@id":"https:\/\/demohellostudio.it\/oldlcs\/lcs-partecipa-allevento-pharma-hub-week\/"},"author":{"name":"lcsgroup","@id":"https:\/\/demohellostudio.it\/oldlcs\/#\/schema\/person\/184a4b9245dc3fb3751d9173da641148"},"headline":"LCS partecipa all&#8217;evento Pharma Hub Week","datePublished":"2023-03-09T15:55:08+00:00","dateModified":"2023-03-09T16:24:41+00:00","mainEntityOfPage":{"@id":"https:\/\/demohellostudio.it\/oldlcs\/lcs-partecipa-allevento-pharma-hub-week\/"},"wordCount":215,"commentCount":0,"publisher":{"@id":"https:\/\/demohellostudio.it\/oldlcs\/#organization"},"articleSection":["Eventi"],"inLanguage":"it-IT","potentialAction":[{"@type":"CommentAction","name":"Comment","target":["https:\/\/demohellostudio.it\/oldlcs\/lcs-partecipa-allevento-pharma-hub-week\/#respond"]}]},{"@type":"WebPage","@id":"https:\/\/demohellostudio.it\/oldlcs\/lcs-partecipa-allevento-pharma-hub-week\/","url":"https:\/\/demohellostudio.it\/oldlcs\/lcs-partecipa-allevento-pharma-hub-week\/","name":"LCS partecipa all'evento Pharma Hub Week | LCS SpA","isPartOf":{"@id":"https:\/\/demohellostudio.it\/oldlcs\/#website"},"datePublished":"2023-03-09T15:55:08+00:00","dateModified":"2023-03-09T16:24:41+00:00","description":"Il primo hub di incontro per i top manager del settore life science per un confronto trasversale di strategie e best practice.","breadcrumb":{"@id":"https:\/\/demohellostudio.it\/oldlcs\/lcs-partecipa-allevento-pharma-hub-week\/#breadcrumb"},"inLanguage":"it-IT","potentialAction":[{"@type":"ReadAction","target":["https:\/\/demohellostudio.it\/oldlcs\/lcs-partecipa-allevento-pharma-hub-week\/"]}]},{"@type":"BreadcrumbList","@id":"https:\/\/demohellostudio.it\/oldlcs\/lcs-partecipa-allevento-pharma-hub-week\/#breadcrumb","itemListElement":[{"@type":"ListItem","position":1,"name":"Home","item":"https:\/\/demohellostudio.it\/oldlcs\/home\/"},{"@type":"ListItem","position":2,"name":"LCS partecipa all&#8217;evento Pharma Hub Week"}]},{"@type":"WebSite","@id":"https:\/\/demohellostudio.it\/oldlcs\/#website","url":"https:\/\/demohellostudio.it\/oldlcs\/","name":"LCS - You produce, we move.","description":"You produce, we move.","publisher":{"@id":"https:\/\/demohellostudio.it\/oldlcs\/#organization"},"potentialAction":[{"@type":"SearchAction","target":{"@type":"EntryPoint","urlTemplate":"https:\/\/demohellostudio.it\/oldlcs\/?s={search_term_string}"},"query-input":"required name=search_term_string"}],"inLanguage":"it-IT"},{"@type":"Organization","@id":"https:\/\/demohellostudio.it\/oldlcs\/#organization","name":"LCS Group","url":"https:\/\/demohellostudio.it\/oldlcs\/","logo":{"@type":"ImageObject","inLanguage":"it-IT","@id":"https:\/\/demohellostudio.it\/oldlcs\/#\/schema\/logo\/image\/","url":"https:\/\/demohellostudio.it\/oldlcs\/wp-content\/uploads\/2021\/05\/lcs-logo@3x.png","contentUrl":"https:\/\/demohellostudio.it\/oldlcs\/wp-content\/uploads\/2021\/05\/lcs-logo@3x.png","width":213,"height":99,"caption":"LCS Group"},"image":{"@id":"https:\/\/demohellostudio.it\/oldlcs\/#\/schema\/logo\/image\/"}},{"@type":"Person","@id":"https:\/\/demohellostudio.it\/oldlcs\/#\/schema\/person\/184a4b9245dc3fb3751d9173da641148","name":"lcsgroup","image":{"@type":"ImageObject","inLanguage":"it-IT","@id":"https:\/\/demohellostudio.it\/oldlcs\/#\/schema\/person\/image\/","url":"https:\/\/secure.gravatar.com\/avatar\/484dfec5980f926eb03a4b15b089ff5ba466e2e36022af6de3cb70817588cda1?s=96&d=mm&r=g","contentUrl":"https:\/\/secure.gravatar.com\/avatar\/484dfec5980f926eb03a4b15b089ff5ba466e2e36022af6de3cb70817588cda1?s=96&d=mm&r=g","caption":"lcsgroup"}}]}},"_links":{"self":[{"href":"https:\/\/demohellostudio.it\/oldlcs\/wp-json\/wp\/v2\/posts\/21119","targetHints":{"allow":["GET"]}}],"collection":[{"href":"https:\/\/demohellostudio.it\/oldlcs\/wp-json\/wp\/v2\/posts"}],"about":[{"href":"https:\/\/demohellostudio.it\/oldlcs\/wp-json\/wp\/v2\/types\/post"}],"author":[{"embeddable":true,"href":"https:\/\/demohellostudio.it\/oldlcs\/wp-json\/wp\/v2\/users\/10"}],"replies":[{"embeddable":true,"href":"https:\/\/demohellostudio.it\/oldlcs\/wp-json\/wp\/v2\/comments?post=21119"}],"version-history":[{"count":7,"href":"https:\/\/demohellostudio.it\/oldlcs\/wp-json\/wp\/v2\/posts\/21119\/revisions"}],"predecessor-version":[{"id":21136,"href":"https:\/\/demohellostudio.it\/oldlcs\/wp-json\/wp\/v2\/posts\/21119\/revisions\/21136"}],"wp:featuredmedia":[{"embeddable":true,"href":"https:\/\/demohellostudio.it\/oldlcs\/wp-json\/wp\/v2\/media\/21123"}],"wp:attachment":[{"href":"https:\/\/demohellostudio.it\/oldlcs\/wp-json\/wp\/v2\/media?parent=21119"}],"wp:term":[{"taxonomy":"category","embeddable":true,"href":"https:\/\/demohellostudio.it\/oldlcs\/wp-json\/wp\/v2\/categories?post=21119"},{"taxonomy":"post_tag","embeddable":true,"href":"https:\/\/demohellostudio.it\/oldlcs\/wp-json\/wp\/v2\/tags?post=21119"}],"curies":[{"name":"wp","href":"https:\/\/api.w.org\/{rel}","templated":true}]}}