{"id":20756,"date":"2023-05-19T09:35:37","date_gmt":"2023-05-19T07:35:37","guid":{"rendered":"https:\/\/demohellostudio.it\/oldlcs\/?p=20756"},"modified":"2023-07-26T15:47:30","modified_gmt":"2023-07-26T13:47:30","slug":"eventi-2023-per-una-logistica-efficiente","status":"publish","type":"post","link":"https:\/\/demohellostudio.it\/oldlcs\/eventi-2023-per-una-logistica-efficiente\/","title":{"rendered":"Eventi 2023 per una Logistica Efficiente"},"content":{"rendered":"\t\t<div data-elementor-type=\"wp-post\" data-elementor-id=\"20756\" class=\"elementor elementor-20756\" data-elementor-settings=\"[]\">\n\t\t\t\t\t\t\t<div class=\"elementor-section-wrap\">\n\t\t\t\t\t        <section class=\"elementor-section elementor-top-section elementor-element elementor-element-77df7202 elementor-section-boxed elementor-section-height-default elementor-section-height-default\" data-id=\"77df7202\" data-element_type=\"section\">\n            \n                        <div class=\"elementor-container elementor-column-gap-default \">\n                    <div class=\"elementor-column elementor-col-100 elementor-top-column elementor-element elementor-element-6bb21910\" data-id=\"6bb21910\" data-element_type=\"column\">\n            <div class=\"elementor-widget-wrap elementor-element-populated\">\n                        \t\t<div class=\"elementor-element elementor-element-7e64772 elementor-widget elementor-widget-text-editor\" data-id=\"7e64772\" data-element_type=\"widget\" data-widget_type=\"text-editor.default\">\n\t\t\t\t<div class=\"elementor-widget-container\">\n\t\t\t\t\t<div class=\"elementor-text-editor elementor-clearfix\"><h2 style=\"text-align: center;\"><span style=\"letter-spacing: 0px; text-align: left;\">SMART FACTORY<\/span><\/h2><h3 style=\"text-align: center;\"><em>28 Novembre 2023<\/em><\/h3><h2 style=\"text-align: center;\">Evento in presenza<\/h2><p style=\"color: #676767; font-size: 16px; font-weight: 300; text-align: left;\"><img decoding=\"async\" class=\"alignnone wp-image-22749 size-full\" src=\"https:\/\/demohellostudio.it\/oldlcs\/wp-content\/uploads\/2023\/07\/Smart-Factory.jpg\" alt=\"\" width=\"1280\" height=\"720\" srcset=\"https:\/\/demohellostudio.it\/oldlcs\/wp-content\/uploads\/2023\/07\/Smart-Factory.jpg 1280w, https:\/\/demohellostudio.it\/oldlcs\/wp-content\/uploads\/2023\/07\/Smart-Factory-300x169.jpg 300w, https:\/\/demohellostudio.it\/oldlcs\/wp-content\/uploads\/2023\/07\/Smart-Factory-1024x576.jpg 1024w, https:\/\/demohellostudio.it\/oldlcs\/wp-content\/uploads\/2023\/07\/Smart-Factory-768x432.jpg 768w\" sizes=\"(max-width: 1280px) 100vw, 1280px\" \/><\/p><h2>Programma dell&#8217;evento e come partecipare<\/h2><p style=\"color: #676767; font-size: 16px; font-weight: 300; text-align: left;\">L\u2019evento \u201c<strong>Smart Factory<\/strong>\u201d organizzato da Automation Tomorrow si terr\u00e0 il <strong>28 Novembre 2023<\/strong> in presenza.\u00a0<\/p><p style=\"color: #676767; font-size: 16px; font-weight: 300; text-align: left;\">Il programma dell&#8217;evento (<em>h 9:00 &#8211; 16:00<\/em>) prevede diversi interventi da parte di alcuni <strong>leader del mercato <\/strong>della <strong>Supply Chain, <\/strong>tra cui LCS. Illustreremo come automazione e digitalizzazione siano fondamentali per <strong>affrontare le sfide del mondo industriale<\/strong>.<\/p><p>L\u2019obiettivo \u00e8 <strong>ottimizzare i layout produttivi<\/strong> e la <strong>connettivit\u00e0 tra macchine<\/strong>, impianti e movimentazioni intralogistiche al fine di incrementare flessibilit\u00e0, efficienza, sicurezza e rapidit\u00e0. Sempre pi\u00f9 essenziale diventa quindi un\u2019<strong>automazione smart connessa ed integrata<\/strong>.<\/p><p style=\"color: #676767; font-size: 16px; font-weight: 300; text-align: left;\">Curiosi di conoscere di cosa parleremo?<\/p><p style=\"color: #676767; font-size: 16px; font-weight: 300; text-align: center;\"><a href=\"https:\/\/www.automationtomorrow.com\/evento-smart-factory\/\" target=\"_blank\" rel=\"noopener\"><strong><em><span style=\"text-decoration-line: underline;\">SCOPRI DI PIU E ISCRIVITI<\/span><\/em><\/strong><\/a><\/p><h2 style=\"text-align: center;\">&#8212;&#8212;&#8212;&#8212;&#8212;&#8212;&#8212;&#8212;&#8212;&#8212;&#8212;&#8212;&#8212;&#8212;&#8212;&#8212;&#8212;&#8212;&#8212;&#8212;<\/h2><h2 style=\"text-align: center;\"><span style=\"letter-spacing: 0px; text-align: left;\">IL MAGAZZINO EVOLUTO<\/span><\/h2><h3 style=\"text-align: center;\"><em>19 Ottobre 2023<\/em><\/h3><h2 style=\"text-align: center;\">Evento online<\/h2><p style=\"color: #676767; font-size: 16px; font-weight: 300; text-align: left;\"><img decoding=\"async\" src=\"https:\/\/demohellostudio.it\/oldlcs\/wp-content\/uploads\/2023\/07\/Il-magazzino-evoluto.jpg\" alt=\"\" width=\"1280\" height=\"720\" \/><\/p><h2>Programma dell&#8217;evento e come partecipare<\/h2><p style=\"color: #676767; font-size: 16px; font-weight: 300; text-align: left;\">L\u2019evento \u201c<strong>Il Magazzino Evoluto<\/strong>\u201d organizzato da Logistica Management si terr\u00e0 il\u00a0<strong>19 Ottobre 2023<\/strong>\u00a0in modalit\u00e0 webinar.\u00a0<\/p><p style=\"color: #676767; font-size: 16px; font-weight: 300; text-align: left;\">Il programma dell&#8217;evento (<em>h 14:30 &#8211; 17:00<\/em>) prevede diversi interventi da parte di aziende fornitrici di soluzioni e servizi nell&#8217;ambito del\u00a0<strong>logistica e dell&#8217;automazione industriale.<\/strong><\/p><p>Il <strong>magazzino moderno<\/strong> diventa sempre pi\u00f9 un nodo strategico per la creazione di valore all&#8217;interno delle aziende e simbolo di flessibilit\u00e0, in quanto deve essere in grado di rispondere velocemente ai rapidi cambiamenti di mercato. Automazione e digitalizzazione sono le scelte strategicamente vincenti per poter fare ci\u00f2.\u00a0<\/p><p style=\"color: #676767; font-size: 16px; font-weight: 300; text-align: left;\">In tale occasione, LCS presenter\u00e0 un progetto di <strong>magazzino automatico<\/strong> realizzato per un importante cliente attivo nel settore 3PL. \u00a0<\/p><p style=\"color: #676767; font-size: 16px; font-weight: 300; text-align: center;\"><a href=\"https:\/\/events.editricetemi.com\/events\/magazzinoevoluto\/?id=41&amp;ided=71\" target=\"_blank\" rel=\"noopener\"><strong><em><span style=\"text-decoration-line: underline;\">SCOPRI DI PIU E ISCRIVITI<\/span><\/em><\/strong><\/a><\/p><h2 style=\"text-align: center;\">&#8212;&#8212;&#8212;&#8212;&#8212;&#8212;&#8212;&#8212;&#8212;&#8212;&#8212;&#8212;&#8212;&#8212;&#8212;&#8212;&#8212;&#8212;&#8212;&#8212;<\/h2><h2 style=\"text-align: center;\"><span style=\"letter-spacing: 0px; text-align: left;\">E-COMMERCE, RETAIL e OMNICHANNEL<\/span><\/h2><h3 style=\"text-align: center;\"><em>6 Luglio 2023<\/em><\/h3><h2 style=\"text-align: center;\">Evento online<\/h2><p><img decoding=\"async\" src=\"https:\/\/demohellostudio.it\/oldlcs\/wp-content\/uploads\/2023\/05\/E-commerce-retail-e-omnichannel.jpg\" alt=\"\" width=\"1280\" height=\"720\" \/><\/p><h2>Programma dell&#8217;evento e come partecipare<\/h2><p>L\u2019evento \u201c<strong>E-commerce, retail e omnichannel<\/strong>\u201d organizzato da Logistica Management si terr\u00e0 il <strong>6 Luglio 2023<\/strong> in modalit\u00e0 webinar.\u00a0<\/p><p>Il programma dell&#8217;evento (<em>h 14:30 &#8211; 17:00<\/em>) prevede diversi interventi da parte di aziende fornitrici di soluzioni e servizi nell&#8217;ambito del <strong>commercio al dettaglio online e fisico<\/strong>.<\/p><p>Il <strong>magazzino<\/strong>, inserito in una logica omnichannel, diventa un <strong>elemento strategico<\/strong> per le aziende che devono necessariamente organizzare e integrare i flussi logistici adottando tecnologie, soluzioni di digitalizzazione e sistemi di automazione per mantenere gli obiettivi di efficienza, ottimizzazione dei processi e rapidit\u00e0 nelle consegne.<\/p><p>Nello specifico, LCS presenter\u00e0 un progetto realizzato per un importante cliente attivo nell\u2019Aftermarket automobilistico: un innovativo <strong>sistema automatizzato di trasporto cassette<\/strong> per ricambi auto all\u2019interno di un magazzino multipiano.\u00a0<\/p><p style=\"text-align: center;\"><strong><em><span style=\"text-decoration-line: underline;\">EVENTO CONCLUSO<\/span><\/em><\/strong><\/p><h2 style=\"text-align: center;\">&#8212;&#8212;&#8212;&#8212;&#8212;&#8212;&#8212;&#8212;&#8212;&#8212;&#8212;&#8212;&#8212;&#8212;&#8212;&#8212;&#8212;&#8212;&#8212;&#8212;<\/h2><h2 style=\"text-align: center;\"><span style=\"letter-spacing: 0px; text-align: left;\">IL MAGAZZINO DEL FUTURO<\/span><\/h2><h3 style=\"text-align: center;\"><em>16 Marzo 2023<\/em><\/h3><h2 style=\"text-align: center;\">Evento in presenza<\/h2><p><img decoding=\"async\" src=\"https:\/\/demohellostudio.it\/oldlcs\/wp-content\/uploads\/2022\/12\/Il-magazzino-del-futuro-MLC.jpg\" alt=\"\" width=\"1280\" height=\"720\" \/><\/p><h2>Programma dell&#8217;evento e come partecipare<\/h2><p>L\u2019evento \u201c<strong>Il Magazzino del Futuro<\/strong>\u201d organizzato da Logistica Efficiente si terr\u00e0 il <strong>16 Marzo 2023<\/strong> in presenza presso <strong>Hotel Crowne Plaza Milan Linate<\/strong> &#8211; Via K. Adenauer 3 &#8211; 20097 San Donato Milanese (MI).<\/p><p>Il programma dell&#8217;evento (h 8:30-16:30) prevede diversi Speech e tavole rotonde con la collaborazione di aziende Leader nel mercato della <strong>Supply Chain<\/strong> come LCS.<\/p><p>Negli ultimi anni la <strong>logistica<\/strong>, soprattutto quella di <strong>magazzino<\/strong>, \u00e8 stata caratterizzata da una forte spinta al <strong>cambiamento<\/strong> per adattarsi all&#8217;evoluzione dei sistemi produttivi e alle nuove richieste del mercato. Se da un lato i clienti diventano sempre pi\u00f9 esigenti, dall&#8217;altro lato l\u2019azienda ha necessit\u00e0 di <strong>ridurre i costi di gestione<\/strong> e di aumentare l\u2019efficienza delle operazioni per migliorare la propria competitivit\u00e0.<\/p><p>Pertanto, \u00e8 necessario che la <strong>logistica aziendale<\/strong> si evolva e si innovi continuamente, agendo sulle seguenti leve:<\/p><ul><li>riorganizzazione degli spazi e delle strutture<\/li><li>revisione degli strumenti e delle attrezzature<\/li><li>riorganizzazione dei fornitori di servizi e dei metodi di lavoro<\/li><\/ul><p style=\"text-align: center;\"><strong><em><span style=\"text-decoration: underline;\">EVENTO CONCLUSO<\/span><\/em><\/strong><\/p><\/div>\n\t\t\t\t<\/div>\n\t\t\t\t<\/div>\n\t\t\t\t<div class=\"elementor-element elementor-element-c516d80 elementor-widget-divider--view-line elementor-widget elementor-widget-divider\" data-id=\"c516d80\" data-element_type=\"widget\" data-widget_type=\"divider.default\">\n\t\t\t\t<div class=\"elementor-widget-container\">\n\t\t\t\t\t<div class=\"elementor-divider\">\n\t\t\t<span class=\"elementor-divider-separator\">\n\t\t\t\t\t\t<\/span>\n\t\t<\/div>\n\t\t\t\t<\/div>\n\t\t\t\t<\/div>\n\t\t\t\t<div class=\"elementor-element elementor-element-cd1b96c elementor-widget elementor-widget-text-editor\" data-id=\"cd1b96c\" data-element_type=\"widget\" data-widget_type=\"text-editor.default\">\n\t\t\t\t<div class=\"elementor-widget-container\">\n\t\t\t\t\t<div class=\"elementor-text-editor elementor-clearfix\"><p>\u00a0<\/p><p style=\"text-align: center;\"><strong><em>Pagina in costante aggiornamento<\/em><\/strong><\/p><\/div>\n\t\t\t\t<\/div>\n\t\t\t\t<\/div>\n\t\t            <\/div>\n        <\/div>\n                            <\/div>\n        <\/section>\n        \t\t\t\t<\/div>\n\t\t\t\t\t<\/div>\n\t\t","protected":false},"excerpt":{"rendered":"<p>SMART FACTORY 28 Novembre 2023 Evento in presenza Programma dell&#8217;evento e come partecipare L\u2019evento \u201cSmart Factory\u201d organizzato da Automation Tomorrow si terr\u00e0 il 28 Novembre 2023 in presenza.\u00a0 Il programma dell&#8217;evento (h 9:00 &#8211; 16:00) prevede diversi interventi da parte di alcuni leader del mercato della Supply Chain, tra cui LCS. Illustreremo come automazione e [&hellip;]<\/p>\n","protected":false},"author":10,"featured_media":20757,"comment_status":"open","ping_status":"open","sticky":false,"template":"","format":"standard","meta":{"footnotes":""},"categories":[62],"tags":[],"class_list":["post-20756","post","type-post","status-publish","format-standard","has-post-thumbnail","hentry","category-eventi"],"yoast_head":"<!-- This site is optimized with the Yoast SEO plugin v20.2.1 - https:\/\/yoast.com\/wordpress\/plugins\/seo\/ -->\n<title>La Logistica Efficiente secondo LCS<\/title>\n<meta name=\"description\" content=\"Eventi e Webinar in programma per il 2022. Scopri di pi\u00f9 sui temi che verranno trattati e come partecipare\" \/>\n<meta name=\"robots\" content=\"index, follow, max-snippet:-1, max-image-preview:large, max-video-preview:-1\" \/>\n<link rel=\"canonical\" href=\"https:\/\/demohellostudio.it\/oldlcs\/eventi-2023-per-una-logistica-efficiente\/\" \/>\n<meta property=\"og:locale\" content=\"it_IT\" \/>\n<meta property=\"og:type\" content=\"article\" \/>\n<meta property=\"og:title\" content=\"La Logistica Efficiente secondo LCS\" \/>\n<meta property=\"og:description\" content=\"Eventi e Webinar in programma per il 2022. Scopri di pi\u00f9 sui temi che verranno trattati e come partecipare\" \/>\n<meta property=\"og:url\" content=\"https:\/\/demohellostudio.it\/oldlcs\/eventi-2023-per-una-logistica-efficiente\/\" \/>\n<meta property=\"og:site_name\" content=\"LCS - You produce, we move.\" \/>\n<meta property=\"article:published_time\" content=\"2023-05-19T07:35:37+00:00\" \/>\n<meta property=\"article:modified_time\" content=\"2023-07-26T13:47:30+00:00\" \/>\n<meta property=\"og:image\" content=\"https:\/\/demohellostudio.it\/oldlcs\/wp-content\/uploads\/2022\/12\/45.-Logistica-Efficiente-23.png\" \/>\n\t<meta property=\"og:image:width\" content=\"470\" \/>\n\t<meta property=\"og:image:height\" content=\"320\" \/>\n\t<meta property=\"og:image:type\" content=\"image\/png\" \/>\n<meta name=\"author\" content=\"lcsgroup\" \/>\n<meta name=\"twitter:card\" content=\"summary_large_image\" \/>\n<meta name=\"twitter:label1\" content=\"Scritto da\" \/>\n\t<meta name=\"twitter:data1\" content=\"lcsgroup\" \/>\n\t<meta name=\"twitter:label2\" content=\"Tempo di lettura stimato\" \/>\n\t<meta name=\"twitter:data2\" content=\"3 minuti\" \/>\n<script type=\"application\/ld+json\" class=\"yoast-schema-graph\">{\"@context\":\"https:\/\/schema.org\",\"@graph\":[{\"@type\":\"Article\",\"@id\":\"https:\/\/demohellostudio.it\/oldlcs\/eventi-2023-per-una-logistica-efficiente\/#article\",\"isPartOf\":{\"@id\":\"https:\/\/demohellostudio.it\/oldlcs\/eventi-2023-per-una-logistica-efficiente\/\"},\"author\":{\"name\":\"lcsgroup\",\"@id\":\"https:\/\/demohellostudio.it\/oldlcs\/#\/schema\/person\/184a4b9245dc3fb3751d9173da641148\"},\"headline\":\"Eventi 2023 per una Logistica Efficiente\",\"datePublished\":\"2023-05-19T07:35:37+00:00\",\"dateModified\":\"2023-07-26T13:47:30+00:00\",\"mainEntityOfPage\":{\"@id\":\"https:\/\/demohellostudio.it\/oldlcs\/eventi-2023-per-una-logistica-efficiente\/\"},\"wordCount\":556,\"commentCount\":0,\"publisher\":{\"@id\":\"https:\/\/demohellostudio.it\/oldlcs\/#organization\"},\"articleSection\":[\"Eventi\"],\"inLanguage\":\"it-IT\",\"potentialAction\":[{\"@type\":\"CommentAction\",\"name\":\"Comment\",\"target\":[\"https:\/\/demohellostudio.it\/oldlcs\/eventi-2023-per-una-logistica-efficiente\/#respond\"]}]},{\"@type\":\"WebPage\",\"@id\":\"https:\/\/demohellostudio.it\/oldlcs\/eventi-2023-per-una-logistica-efficiente\/\",\"url\":\"https:\/\/demohellostudio.it\/oldlcs\/eventi-2023-per-una-logistica-efficiente\/\",\"name\":\"La Logistica Efficiente secondo LCS\",\"isPartOf\":{\"@id\":\"https:\/\/demohellostudio.it\/oldlcs\/#website\"},\"datePublished\":\"2023-05-19T07:35:37+00:00\",\"dateModified\":\"2023-07-26T13:47:30+00:00\",\"description\":\"Eventi e Webinar in programma per il 2022. Scopri di pi\u00f9 sui temi che verranno trattati e come partecipare\",\"breadcrumb\":{\"@id\":\"https:\/\/demohellostudio.it\/oldlcs\/eventi-2023-per-una-logistica-efficiente\/#breadcrumb\"},\"inLanguage\":\"it-IT\",\"potentialAction\":[{\"@type\":\"ReadAction\",\"target\":[\"https:\/\/demohellostudio.it\/oldlcs\/eventi-2023-per-una-logistica-efficiente\/\"]}]},{\"@type\":\"BreadcrumbList\",\"@id\":\"https:\/\/demohellostudio.it\/oldlcs\/eventi-2023-per-una-logistica-efficiente\/#breadcrumb\",\"itemListElement\":[{\"@type\":\"ListItem\",\"position\":1,\"name\":\"Home\",\"item\":\"https:\/\/demohellostudio.it\/oldlcs\/home\/\"},{\"@type\":\"ListItem\",\"position\":2,\"name\":\"Eventi 2023 per una Logistica Efficiente\"}]},{\"@type\":\"WebSite\",\"@id\":\"https:\/\/demohellostudio.it\/oldlcs\/#website\",\"url\":\"https:\/\/demohellostudio.it\/oldlcs\/\",\"name\":\"LCS - You produce, we move.\",\"description\":\"You produce, we move.\",\"publisher\":{\"@id\":\"https:\/\/demohellostudio.it\/oldlcs\/#organization\"},\"potentialAction\":[{\"@type\":\"SearchAction\",\"target\":{\"@type\":\"EntryPoint\",\"urlTemplate\":\"https:\/\/demohellostudio.it\/oldlcs\/?s={search_term_string}\"},\"query-input\":\"required name=search_term_string\"}],\"inLanguage\":\"it-IT\"},{\"@type\":\"Organization\",\"@id\":\"https:\/\/demohellostudio.it\/oldlcs\/#organization\",\"name\":\"LCS Group\",\"url\":\"https:\/\/demohellostudio.it\/oldlcs\/\",\"logo\":{\"@type\":\"ImageObject\",\"inLanguage\":\"it-IT\",\"@id\":\"https:\/\/demohellostudio.it\/oldlcs\/#\/schema\/logo\/image\/\",\"url\":\"https:\/\/demohellostudio.it\/oldlcs\/wp-content\/uploads\/2021\/05\/lcs-logo@3x.png\",\"contentUrl\":\"https:\/\/demohellostudio.it\/oldlcs\/wp-content\/uploads\/2021\/05\/lcs-logo@3x.png\",\"width\":213,\"height\":99,\"caption\":\"LCS Group\"},\"image\":{\"@id\":\"https:\/\/demohellostudio.it\/oldlcs\/#\/schema\/logo\/image\/\"}},{\"@type\":\"Person\",\"@id\":\"https:\/\/demohellostudio.it\/oldlcs\/#\/schema\/person\/184a4b9245dc3fb3751d9173da641148\",\"name\":\"lcsgroup\",\"image\":{\"@type\":\"ImageObject\",\"inLanguage\":\"it-IT\",\"@id\":\"https:\/\/demohellostudio.it\/oldlcs\/#\/schema\/person\/image\/\",\"url\":\"https:\/\/secure.gravatar.com\/avatar\/484dfec5980f926eb03a4b15b089ff5ba466e2e36022af6de3cb70817588cda1?s=96&d=mm&r=g\",\"contentUrl\":\"https:\/\/secure.gravatar.com\/avatar\/484dfec5980f926eb03a4b15b089ff5ba466e2e36022af6de3cb70817588cda1?s=96&d=mm&r=g\",\"caption\":\"lcsgroup\"}}]}<\/script>\n<!-- \/ Yoast SEO plugin. -->","yoast_head_json":{"title":"La Logistica Efficiente secondo LCS","description":"Eventi e Webinar in programma per il 2022. Scopri di pi\u00f9 sui temi che verranno trattati e come partecipare","robots":{"index":"index","follow":"follow","max-snippet":"max-snippet:-1","max-image-preview":"max-image-preview:large","max-video-preview":"max-video-preview:-1"},"canonical":"https:\/\/demohellostudio.it\/oldlcs\/eventi-2023-per-una-logistica-efficiente\/","og_locale":"it_IT","og_type":"article","og_title":"La Logistica Efficiente secondo LCS","og_description":"Eventi e Webinar in programma per il 2022. Scopri di pi\u00f9 sui temi che verranno trattati e come partecipare","og_url":"https:\/\/demohellostudio.it\/oldlcs\/eventi-2023-per-una-logistica-efficiente\/","og_site_name":"LCS - You produce, we move.","article_published_time":"2023-05-19T07:35:37+00:00","article_modified_time":"2023-07-26T13:47:30+00:00","og_image":[{"width":470,"height":320,"url":"https:\/\/demohellostudio.it\/oldlcs\/wp-content\/uploads\/2022\/12\/45.-Logistica-Efficiente-23.png","type":"image\/png"}],"author":"lcsgroup","twitter_card":"summary_large_image","twitter_misc":{"Scritto da":"lcsgroup","Tempo di lettura stimato":"3 minuti"},"schema":{"@context":"https:\/\/schema.org","@graph":[{"@type":"Article","@id":"https:\/\/demohellostudio.it\/oldlcs\/eventi-2023-per-una-logistica-efficiente\/#article","isPartOf":{"@id":"https:\/\/demohellostudio.it\/oldlcs\/eventi-2023-per-una-logistica-efficiente\/"},"author":{"name":"lcsgroup","@id":"https:\/\/demohellostudio.it\/oldlcs\/#\/schema\/person\/184a4b9245dc3fb3751d9173da641148"},"headline":"Eventi 2023 per una Logistica Efficiente","datePublished":"2023-05-19T07:35:37+00:00","dateModified":"2023-07-26T13:47:30+00:00","mainEntityOfPage":{"@id":"https:\/\/demohellostudio.it\/oldlcs\/eventi-2023-per-una-logistica-efficiente\/"},"wordCount":556,"commentCount":0,"publisher":{"@id":"https:\/\/demohellostudio.it\/oldlcs\/#organization"},"articleSection":["Eventi"],"inLanguage":"it-IT","potentialAction":[{"@type":"CommentAction","name":"Comment","target":["https:\/\/demohellostudio.it\/oldlcs\/eventi-2023-per-una-logistica-efficiente\/#respond"]}]},{"@type":"WebPage","@id":"https:\/\/demohellostudio.it\/oldlcs\/eventi-2023-per-una-logistica-efficiente\/","url":"https:\/\/demohellostudio.it\/oldlcs\/eventi-2023-per-una-logistica-efficiente\/","name":"La Logistica Efficiente secondo LCS","isPartOf":{"@id":"https:\/\/demohellostudio.it\/oldlcs\/#website"},"datePublished":"2023-05-19T07:35:37+00:00","dateModified":"2023-07-26T13:47:30+00:00","description":"Eventi e Webinar in programma per il 2022. Scopri di pi\u00f9 sui temi che verranno trattati e come partecipare","breadcrumb":{"@id":"https:\/\/demohellostudio.it\/oldlcs\/eventi-2023-per-una-logistica-efficiente\/#breadcrumb"},"inLanguage":"it-IT","potentialAction":[{"@type":"ReadAction","target":["https:\/\/demohellostudio.it\/oldlcs\/eventi-2023-per-una-logistica-efficiente\/"]}]},{"@type":"BreadcrumbList","@id":"https:\/\/demohellostudio.it\/oldlcs\/eventi-2023-per-una-logistica-efficiente\/#breadcrumb","itemListElement":[{"@type":"ListItem","position":1,"name":"Home","item":"https:\/\/demohellostudio.it\/oldlcs\/home\/"},{"@type":"ListItem","position":2,"name":"Eventi 2023 per una Logistica Efficiente"}]},{"@type":"WebSite","@id":"https:\/\/demohellostudio.it\/oldlcs\/#website","url":"https:\/\/demohellostudio.it\/oldlcs\/","name":"LCS - You produce, we move.","description":"You produce, we move.","publisher":{"@id":"https:\/\/demohellostudio.it\/oldlcs\/#organization"},"potentialAction":[{"@type":"SearchAction","target":{"@type":"EntryPoint","urlTemplate":"https:\/\/demohellostudio.it\/oldlcs\/?s={search_term_string}"},"query-input":"required name=search_term_string"}],"inLanguage":"it-IT"},{"@type":"Organization","@id":"https:\/\/demohellostudio.it\/oldlcs\/#organization","name":"LCS Group","url":"https:\/\/demohellostudio.it\/oldlcs\/","logo":{"@type":"ImageObject","inLanguage":"it-IT","@id":"https:\/\/demohellostudio.it\/oldlcs\/#\/schema\/logo\/image\/","url":"https:\/\/demohellostudio.it\/oldlcs\/wp-content\/uploads\/2021\/05\/lcs-logo@3x.png","contentUrl":"https:\/\/demohellostudio.it\/oldlcs\/wp-content\/uploads\/2021\/05\/lcs-logo@3x.png","width":213,"height":99,"caption":"LCS Group"},"image":{"@id":"https:\/\/demohellostudio.it\/oldlcs\/#\/schema\/logo\/image\/"}},{"@type":"Person","@id":"https:\/\/demohellostudio.it\/oldlcs\/#\/schema\/person\/184a4b9245dc3fb3751d9173da641148","name":"lcsgroup","image":{"@type":"ImageObject","inLanguage":"it-IT","@id":"https:\/\/demohellostudio.it\/oldlcs\/#\/schema\/person\/image\/","url":"https:\/\/secure.gravatar.com\/avatar\/484dfec5980f926eb03a4b15b089ff5ba466e2e36022af6de3cb70817588cda1?s=96&d=mm&r=g","contentUrl":"https:\/\/secure.gravatar.com\/avatar\/484dfec5980f926eb03a4b15b089ff5ba466e2e36022af6de3cb70817588cda1?s=96&d=mm&r=g","caption":"lcsgroup"}}]}},"_links":{"self":[{"href":"https:\/\/demohellostudio.it\/oldlcs\/wp-json\/wp\/v2\/posts\/20756","targetHints":{"allow":["GET"]}}],"collection":[{"href":"https:\/\/demohellostudio.it\/oldlcs\/wp-json\/wp\/v2\/posts"}],"about":[{"href":"https:\/\/demohellostudio.it\/oldlcs\/wp-json\/wp\/v2\/types\/post"}],"author":[{"embeddable":true,"href":"https:\/\/demohellostudio.it\/oldlcs\/wp-json\/wp\/v2\/users\/10"}],"replies":[{"embeddable":true,"href":"https:\/\/demohellostudio.it\/oldlcs\/wp-json\/wp\/v2\/comments?post=20756"}],"version-history":[{"count":28,"href":"https:\/\/demohellostudio.it\/oldlcs\/wp-json\/wp\/v2\/posts\/20756\/revisions"}],"predecessor-version":[{"id":22758,"href":"https:\/\/demohellostudio.it\/oldlcs\/wp-json\/wp\/v2\/posts\/20756\/revisions\/22758"}],"wp:featuredmedia":[{"embeddable":true,"href":"https:\/\/demohellostudio.it\/oldlcs\/wp-json\/wp\/v2\/media\/20757"}],"wp:attachment":[{"href":"https:\/\/demohellostudio.it\/oldlcs\/wp-json\/wp\/v2\/media?parent=20756"}],"wp:term":[{"taxonomy":"category","embeddable":true,"href":"https:\/\/demohellostudio.it\/oldlcs\/wp-json\/wp\/v2\/categories?post=20756"},{"taxonomy":"post_tag","embeddable":true,"href":"https:\/\/demohellostudio.it\/oldlcs\/wp-json\/wp\/v2\/tags?post=20756"}],"curies":[{"name":"wp","href":"https:\/\/api.w.org\/{rel}","templated":true}]}}