{"id":19216,"date":"2022-01-19T12:30:07","date_gmt":"2022-01-19T11:30:07","guid":{"rendered":"https:\/\/demohellostudio.it\/oldlcs\/?p=19216"},"modified":"2022-08-02T16:32:30","modified_gmt":"2022-08-02T14:32:30","slug":"lcs-partecipa-al-28-global-summit-logistics-supply-chain","status":"publish","type":"post","link":"https:\/\/demohellostudio.it\/oldlcs\/lcs-partecipa-al-28-global-summit-logistics-supply-chain\/","title":{"rendered":"LCS partecipa al 28\u00b0 Global Summit Logistics &#038; Supply Chain"},"content":{"rendered":"\t\t<div data-elementor-type=\"wp-post\" data-elementor-id=\"19216\" class=\"elementor elementor-19216\" data-elementor-settings=\"[]\">\n\t\t\t\t\t\t\t<div class=\"elementor-section-wrap\">\n\t\t\t\t\t        <section class=\"elementor-section elementor-top-section elementor-element elementor-element-7f39c7db elementor-section-boxed elementor-section-height-default elementor-section-height-default\" data-id=\"7f39c7db\" data-element_type=\"section\">\n            \n                        <div class=\"elementor-container elementor-column-gap-default \">\n                    <div class=\"elementor-column elementor-col-100 elementor-top-column elementor-element elementor-element-66e7eab1\" data-id=\"66e7eab1\" data-element_type=\"column\">\n            <div class=\"elementor-widget-wrap elementor-element-populated\">\n                        \t\t<div class=\"elementor-element elementor-element-5864f0da elementor-widget elementor-widget-text-editor\" data-id=\"5864f0da\" data-element_type=\"widget\" data-widget_type=\"text-editor.default\">\n\t\t\t\t<div class=\"elementor-widget-container\">\n\t\t\t\t\t<div class=\"elementor-text-editor elementor-clearfix\"><h2 style=\"text-align: center;\">28\u00b0 GLOBAL SUMMIT LOGISTICS &amp; SUPPLY CHAIN<\/h2><h3 style=\"text-align: center;\"><em>23 &#8211; 24 MARZO 2022<\/em><\/h3><h4 style=\"text-align: center;\"><em>Centro Congressi Hotel Parchi del Garda \u2013 Pacengo di Lazise (VR)<\/em><\/h4><p><img decoding=\"async\" class=\"aligncenter wp-image-19222 size-large\" src=\"https:\/\/demohellostudio.it\/oldlcs\/wp-content\/uploads\/2022\/01\/Immagine3-1024x684.png\" alt=\"\" width=\"1024\" height=\"684\" srcset=\"https:\/\/demohellostudio.it\/oldlcs\/wp-content\/uploads\/2022\/01\/Immagine3-1024x684.png 1024w, https:\/\/demohellostudio.it\/oldlcs\/wp-content\/uploads\/2022\/01\/Immagine3-300x200.png 300w, https:\/\/demohellostudio.it\/oldlcs\/wp-content\/uploads\/2022\/01\/Immagine3-768x513.png 768w, https:\/\/demohellostudio.it\/oldlcs\/wp-content\/uploads\/2022\/01\/Immagine3-1536x1025.png 1536w, https:\/\/demohellostudio.it\/oldlcs\/wp-content\/uploads\/2022\/01\/Immagine3-2048x1367.png 2048w\" sizes=\"(max-width: 1024px) 100vw, 1024px\" \/><\/p><div class=\"wpb_text_column wpb_content_element \"><div id=\"ultimate-heading-327160b4b86f3fbab\" class=\"uvc-heading ult-adjust-bottom-margin ultimate-heading-327160b4b86f3fbab uvc-7268 \" data-hspacer=\"no_spacer\" data-halign=\"center\"><div class=\"uvc-main-heading ult-responsive\" data-ultimate-target=\".uvc-heading.ultimate-heading-327160b4b86f3fbab h3\" data-responsive-json-new=\"{\"><h4 style=\"text-align: left;\">Come partecipare<br \/><br \/><\/h4><\/div><\/div><div class=\"wpb_text_column wpb_content_element \"><div class=\"wpb_wrapper\"><p>La partecipazione in qualit\u00e0 di visitatori al <strong>Global Summit Logistics &amp; Supply Chain \u00e8 gratuita<\/strong> e rivolta esclusivamente a Dirigenti e Funzionari aziendali.<\/p><p>ll partecipante potr\u00e0 vivere l\u2019evento con una presenza personalizzata, entrambe le giornate o parte di esse, suddivisa tra momenti in aula d\u2019approfondimento e incontri one to one con gli espositori, per conoscere proposte, servizi e soluzioni.<\/p><p>La partecipazione \u00e8 subordinata alla <strong>pre-registrazione<\/strong> fino ad esaurimento dei posti disponibili.<\/p><h5 style=\"text-align: center;\"><strong><span style=\"text-decoration: underline;\"><a href=\"https:\/\/glsummit.it\/visitatori\" target=\"_blank\" rel=\"noopener\">COMPILA IL FORM E ISCRIVITI<\/a><\/span><\/strong><\/h5><h5>\u00a0<\/h5><h4 style=\"text-align: left;\">L\u2019imperdibile appuntamento annuale B2B\u00a0<\/h4><div id=\"ultimate-heading-570060b4b86f400f4\" class=\"uvc-heading ult-adjust-bottom-margin ultimate-heading-570060b4b86f400f4 uvc-6102 \" data-hspacer=\"no_spacer\" data-halign=\"center\"><div class=\"uvc-main-heading ult-responsive\" data-ultimate-target=\".uvc-heading.ultimate-heading-570060b4b86f400f4 h2\" data-responsive-json-new=\"{\"><h4 style=\"text-align: left;\">\u00a0<\/h4><\/div><\/div><div class=\"wpb_text_column wpb_content_element \"><div class=\"wpb_wrapper\"><p class=\"p1\"><span class=\"s1\"><strong>Global Summit Logistics &amp; Supply Chain<\/strong>\u00a0\u00e8 il\u00a0<strong>pi\u00f9 completo e dinamico<\/strong>\u00a0evento \u201cbusiness oriented\u201d dedicato ai servizi, alle soluzioni pi\u00f9 innovative e ai sistemi integrati per la logistica industriale, distributiva e la supply chain.<\/span><\/p><p class=\"p1\"><span class=\"s1\">E\u2019 un evento full immersion di due giorni che prevede m<\/span><span class=\"s1\">omenti di formazione e di networking che facilitano l\u2019interazione tra i visitatori e gli esperti del settore, per comprendere gli scenari competitivi e i trend della supply chain e dell\u2019industria 4.0, incontrare aziende leader di settore, conoscere i vantaggi e le funzionalit\u00e0 dei pi\u00f9 evoluti strumenti operativi e organizzativi.<\/span><\/p><p>Avrai l\u2019opportunit\u00e0 di vivere da protagonista\u00a0<strong>il pi\u00f9 importante evento<\/strong>\u00a0dedicato all\u2019aggiornamento e al confronto tra professionisti, potrai conoscere e capire i moderni scenari competitivi e i trend di settore.<\/p><p>Avrai la possibilit\u00e0 di incontrare aziende leader, approfondirai tutti\u00a0<strong>i vantaggi e le funzionalit\u00e0 dei pi\u00f9 evoluti strumenti<\/strong>\u00a0operativi e organizzativi volti all\u2019efficentamento, per tramutare i processi da costi ad opportunit\u00e0.<\/p><p class=\"p1\"><span class=\"s1\">Global Summit Logistics &amp; Supply Chain \u00e8\u00a0un appuntamento fondamentale per conoscere le soluzioni, gli approcci e le strategie\u00a0per essere pi\u00f9 performanti nella gestione di logistiche sempre pi\u00f9 complesse, in un mercato in continua evoluzione e crescita.<\/span><\/p><h5>CONFERENZE | INCONTRI ONE2ONE | IN(FORMAZIONE) | NETWORKING<\/h5><p>\u00a0<\/p><\/div><h4 style=\"text-align: left;\">Dove si svolge?<\/h4><div class=\"wpb_map_wraper\"><iframe loading=\"lazy\" style=\"border: 0px; pointer-events: none;\" src=\"https:\/\/www.google.com\/maps\/embed?pb=!1m14!1m8!1m3!1d11193.589404454135!2d10.7195272!3d45.461799!3m2!1i1024!2i768!4f13.1!3m3!1m2!1s0x0%3A0x40bac86fe8b0e857!2sCentro%20Congressi%20Hotel%20Parchi%20del%20Garda!5e0!3m2!1sit!2sit!4v1570088621976!5m2!1sit!2sit\" width=\"400\" height=\"300\" frameborder=\"0\" allowfullscreen=\"allowfullscreen\" data-mce-fragment=\"1\"><\/iframe><\/div><div class=\"wpb_text_column wpb_content_element \"><div class=\"wpb_wrapper\"><p>\u00a0<\/p><\/div><\/div><\/div><\/div><\/div><\/div><\/div>\n\t\t\t\t<\/div>\n\t\t\t\t<\/div>\n\t\t            <\/div>\n        <\/div>\n                            <\/div>\n        <\/section>\n        \t\t\t\t<\/div>\n\t\t\t\t\t<\/div>\n\t\t","protected":false},"excerpt":{"rendered":"<p>28\u00b0 GLOBAL SUMMIT LOGISTICS &amp; SUPPLY CHAIN 23 &#8211; 24 MARZO 2022 Centro Congressi Hotel Parchi del Garda \u2013 Pacengo di Lazise (VR) Come partecipare La partecipazione in qualit\u00e0 di visitatori al Global Summit Logistics &amp; Supply Chain \u00e8 gratuita e rivolta esclusivamente a Dirigenti e Funzionari aziendali. ll partecipante potr\u00e0 vivere l\u2019evento con una [&hellip;]<\/p>\n","protected":false},"author":10,"featured_media":20265,"comment_status":"open","ping_status":"open","sticky":false,"template":"","format":"standard","meta":{"footnotes":""},"categories":[62],"tags":[],"class_list":["post-19216","post","type-post","status-publish","format-standard","has-post-thumbnail","hentry","category-eventi"],"yoast_head":"<!-- This site is optimized with the Yoast SEO plugin v20.2.1 - https:\/\/yoast.com\/wordpress\/plugins\/seo\/ -->\n<title>LCS partecipa al 28\u00b0 Global Summit Logistics &amp; Supply Chain | LCS SpA<\/title>\n<meta name=\"robots\" content=\"index, follow, max-snippet:-1, max-image-preview:large, max-video-preview:-1\" \/>\n<link rel=\"canonical\" href=\"https:\/\/demohellostudio.it\/oldlcs\/lcs-partecipa-al-28-global-summit-logistics-supply-chain\/\" \/>\n<meta property=\"og:locale\" content=\"it_IT\" \/>\n<meta property=\"og:type\" content=\"article\" \/>\n<meta property=\"og:title\" content=\"LCS partecipa al 28\u00b0 Global Summit Logistics &amp; Supply Chain | LCS SpA\" \/>\n<meta property=\"og:description\" content=\"28\u00b0 GLOBAL SUMMIT LOGISTICS &amp; SUPPLY CHAIN 23 &#8211; 24 MARZO 2022 Centro Congressi Hotel Parchi del Garda \u2013 Pacengo di Lazise (VR) Come partecipare La partecipazione in qualit\u00e0 di visitatori al Global Summit Logistics &amp; Supply Chain \u00e8 gratuita e rivolta esclusivamente a Dirigenti e Funzionari aziendali. ll partecipante potr\u00e0 vivere l\u2019evento con una [&hellip;]\" \/>\n<meta property=\"og:url\" content=\"https:\/\/demohellostudio.it\/oldlcs\/lcs-partecipa-al-28-global-summit-logistics-supply-chain\/\" \/>\n<meta property=\"og:site_name\" content=\"LCS - You produce, we move.\" \/>\n<meta property=\"article:published_time\" content=\"2022-01-19T11:30:07+00:00\" \/>\n<meta property=\"article:modified_time\" content=\"2022-08-02T14:32:30+00:00\" \/>\n<meta property=\"og:image\" content=\"https:\/\/demohellostudio.it\/oldlcs\/wp-content\/uploads\/2022\/03\/13.-Global-Summit-.png\" \/>\n\t<meta property=\"og:image:width\" content=\"470\" \/>\n\t<meta property=\"og:image:height\" content=\"320\" \/>\n\t<meta property=\"og:image:type\" content=\"image\/png\" \/>\n<meta name=\"author\" content=\"lcsgroup\" \/>\n<meta name=\"twitter:card\" content=\"summary_large_image\" \/>\n<meta name=\"twitter:label1\" content=\"Scritto da\" \/>\n\t<meta name=\"twitter:data1\" content=\"lcsgroup\" \/>\n\t<meta name=\"twitter:label2\" content=\"Tempo di lettura stimato\" \/>\n\t<meta name=\"twitter:data2\" content=\"2 minuti\" \/>\n<script type=\"application\/ld+json\" class=\"yoast-schema-graph\">{\"@context\":\"https:\/\/schema.org\",\"@graph\":[{\"@type\":\"Article\",\"@id\":\"https:\/\/demohellostudio.it\/oldlcs\/lcs-partecipa-al-28-global-summit-logistics-supply-chain\/#article\",\"isPartOf\":{\"@id\":\"https:\/\/demohellostudio.it\/oldlcs\/lcs-partecipa-al-28-global-summit-logistics-supply-chain\/\"},\"author\":{\"name\":\"lcsgroup\",\"@id\":\"https:\/\/demohellostudio.it\/oldlcs\/#\/schema\/person\/184a4b9245dc3fb3751d9173da641148\"},\"headline\":\"LCS partecipa al 28\u00b0 Global Summit Logistics &#038; Supply Chain\",\"datePublished\":\"2022-01-19T11:30:07+00:00\",\"dateModified\":\"2022-08-02T14:32:30+00:00\",\"mainEntityOfPage\":{\"@id\":\"https:\/\/demohellostudio.it\/oldlcs\/lcs-partecipa-al-28-global-summit-logistics-supply-chain\/\"},\"wordCount\":315,\"commentCount\":0,\"publisher\":{\"@id\":\"https:\/\/demohellostudio.it\/oldlcs\/#organization\"},\"articleSection\":[\"Eventi\"],\"inLanguage\":\"it-IT\",\"potentialAction\":[{\"@type\":\"CommentAction\",\"name\":\"Comment\",\"target\":[\"https:\/\/demohellostudio.it\/oldlcs\/lcs-partecipa-al-28-global-summit-logistics-supply-chain\/#respond\"]}]},{\"@type\":\"WebPage\",\"@id\":\"https:\/\/demohellostudio.it\/oldlcs\/lcs-partecipa-al-28-global-summit-logistics-supply-chain\/\",\"url\":\"https:\/\/demohellostudio.it\/oldlcs\/lcs-partecipa-al-28-global-summit-logistics-supply-chain\/\",\"name\":\"LCS partecipa al 28\u00b0 Global Summit Logistics & Supply Chain | LCS SpA\",\"isPartOf\":{\"@id\":\"https:\/\/demohellostudio.it\/oldlcs\/#website\"},\"datePublished\":\"2022-01-19T11:30:07+00:00\",\"dateModified\":\"2022-08-02T14:32:30+00:00\",\"breadcrumb\":{\"@id\":\"https:\/\/demohellostudio.it\/oldlcs\/lcs-partecipa-al-28-global-summit-logistics-supply-chain\/#breadcrumb\"},\"inLanguage\":\"it-IT\",\"potentialAction\":[{\"@type\":\"ReadAction\",\"target\":[\"https:\/\/demohellostudio.it\/oldlcs\/lcs-partecipa-al-28-global-summit-logistics-supply-chain\/\"]}]},{\"@type\":\"BreadcrumbList\",\"@id\":\"https:\/\/demohellostudio.it\/oldlcs\/lcs-partecipa-al-28-global-summit-logistics-supply-chain\/#breadcrumb\",\"itemListElement\":[{\"@type\":\"ListItem\",\"position\":1,\"name\":\"Home\",\"item\":\"https:\/\/demohellostudio.it\/oldlcs\/home\/\"},{\"@type\":\"ListItem\",\"position\":2,\"name\":\"LCS partecipa al 28\u00b0 Global Summit Logistics &#038; Supply Chain\"}]},{\"@type\":\"WebSite\",\"@id\":\"https:\/\/demohellostudio.it\/oldlcs\/#website\",\"url\":\"https:\/\/demohellostudio.it\/oldlcs\/\",\"name\":\"LCS - You produce, we move.\",\"description\":\"You produce, we move.\",\"publisher\":{\"@id\":\"https:\/\/demohellostudio.it\/oldlcs\/#organization\"},\"potentialAction\":[{\"@type\":\"SearchAction\",\"target\":{\"@type\":\"EntryPoint\",\"urlTemplate\":\"https:\/\/demohellostudio.it\/oldlcs\/?s={search_term_string}\"},\"query-input\":\"required name=search_term_string\"}],\"inLanguage\":\"it-IT\"},{\"@type\":\"Organization\",\"@id\":\"https:\/\/demohellostudio.it\/oldlcs\/#organization\",\"name\":\"LCS Group\",\"url\":\"https:\/\/demohellostudio.it\/oldlcs\/\",\"logo\":{\"@type\":\"ImageObject\",\"inLanguage\":\"it-IT\",\"@id\":\"https:\/\/demohellostudio.it\/oldlcs\/#\/schema\/logo\/image\/\",\"url\":\"https:\/\/demohellostudio.it\/oldlcs\/wp-content\/uploads\/2021\/05\/lcs-logo@3x.png\",\"contentUrl\":\"https:\/\/demohellostudio.it\/oldlcs\/wp-content\/uploads\/2021\/05\/lcs-logo@3x.png\",\"width\":213,\"height\":99,\"caption\":\"LCS Group\"},\"image\":{\"@id\":\"https:\/\/demohellostudio.it\/oldlcs\/#\/schema\/logo\/image\/\"}},{\"@type\":\"Person\",\"@id\":\"https:\/\/demohellostudio.it\/oldlcs\/#\/schema\/person\/184a4b9245dc3fb3751d9173da641148\",\"name\":\"lcsgroup\",\"image\":{\"@type\":\"ImageObject\",\"inLanguage\":\"it-IT\",\"@id\":\"https:\/\/demohellostudio.it\/oldlcs\/#\/schema\/person\/image\/\",\"url\":\"https:\/\/secure.gravatar.com\/avatar\/484dfec5980f926eb03a4b15b089ff5ba466e2e36022af6de3cb70817588cda1?s=96&d=mm&r=g\",\"contentUrl\":\"https:\/\/secure.gravatar.com\/avatar\/484dfec5980f926eb03a4b15b089ff5ba466e2e36022af6de3cb70817588cda1?s=96&d=mm&r=g\",\"caption\":\"lcsgroup\"}}]}<\/script>\n<!-- \/ Yoast SEO plugin. -->","yoast_head_json":{"title":"LCS partecipa al 28\u00b0 Global Summit Logistics & Supply Chain | LCS SpA","robots":{"index":"index","follow":"follow","max-snippet":"max-snippet:-1","max-image-preview":"max-image-preview:large","max-video-preview":"max-video-preview:-1"},"canonical":"https:\/\/demohellostudio.it\/oldlcs\/lcs-partecipa-al-28-global-summit-logistics-supply-chain\/","og_locale":"it_IT","og_type":"article","og_title":"LCS partecipa al 28\u00b0 Global Summit Logistics & Supply Chain | LCS SpA","og_description":"28\u00b0 GLOBAL SUMMIT LOGISTICS &amp; SUPPLY CHAIN 23 &#8211; 24 MARZO 2022 Centro Congressi Hotel Parchi del Garda \u2013 Pacengo di Lazise (VR) Come partecipare La partecipazione in qualit\u00e0 di visitatori al Global Summit Logistics &amp; Supply Chain \u00e8 gratuita e rivolta esclusivamente a Dirigenti e Funzionari aziendali. ll partecipante potr\u00e0 vivere l\u2019evento con una [&hellip;]","og_url":"https:\/\/demohellostudio.it\/oldlcs\/lcs-partecipa-al-28-global-summit-logistics-supply-chain\/","og_site_name":"LCS - You produce, we move.","article_published_time":"2022-01-19T11:30:07+00:00","article_modified_time":"2022-08-02T14:32:30+00:00","og_image":[{"width":470,"height":320,"url":"https:\/\/demohellostudio.it\/oldlcs\/wp-content\/uploads\/2022\/03\/13.-Global-Summit-.png","type":"image\/png"}],"author":"lcsgroup","twitter_card":"summary_large_image","twitter_misc":{"Scritto da":"lcsgroup","Tempo di lettura stimato":"2 minuti"},"schema":{"@context":"https:\/\/schema.org","@graph":[{"@type":"Article","@id":"https:\/\/demohellostudio.it\/oldlcs\/lcs-partecipa-al-28-global-summit-logistics-supply-chain\/#article","isPartOf":{"@id":"https:\/\/demohellostudio.it\/oldlcs\/lcs-partecipa-al-28-global-summit-logistics-supply-chain\/"},"author":{"name":"lcsgroup","@id":"https:\/\/demohellostudio.it\/oldlcs\/#\/schema\/person\/184a4b9245dc3fb3751d9173da641148"},"headline":"LCS partecipa al 28\u00b0 Global Summit Logistics &#038; Supply Chain","datePublished":"2022-01-19T11:30:07+00:00","dateModified":"2022-08-02T14:32:30+00:00","mainEntityOfPage":{"@id":"https:\/\/demohellostudio.it\/oldlcs\/lcs-partecipa-al-28-global-summit-logistics-supply-chain\/"},"wordCount":315,"commentCount":0,"publisher":{"@id":"https:\/\/demohellostudio.it\/oldlcs\/#organization"},"articleSection":["Eventi"],"inLanguage":"it-IT","potentialAction":[{"@type":"CommentAction","name":"Comment","target":["https:\/\/demohellostudio.it\/oldlcs\/lcs-partecipa-al-28-global-summit-logistics-supply-chain\/#respond"]}]},{"@type":"WebPage","@id":"https:\/\/demohellostudio.it\/oldlcs\/lcs-partecipa-al-28-global-summit-logistics-supply-chain\/","url":"https:\/\/demohellostudio.it\/oldlcs\/lcs-partecipa-al-28-global-summit-logistics-supply-chain\/","name":"LCS partecipa al 28\u00b0 Global Summit Logistics & Supply Chain | LCS SpA","isPartOf":{"@id":"https:\/\/demohellostudio.it\/oldlcs\/#website"},"datePublished":"2022-01-19T11:30:07+00:00","dateModified":"2022-08-02T14:32:30+00:00","breadcrumb":{"@id":"https:\/\/demohellostudio.it\/oldlcs\/lcs-partecipa-al-28-global-summit-logistics-supply-chain\/#breadcrumb"},"inLanguage":"it-IT","potentialAction":[{"@type":"ReadAction","target":["https:\/\/demohellostudio.it\/oldlcs\/lcs-partecipa-al-28-global-summit-logistics-supply-chain\/"]}]},{"@type":"BreadcrumbList","@id":"https:\/\/demohellostudio.it\/oldlcs\/lcs-partecipa-al-28-global-summit-logistics-supply-chain\/#breadcrumb","itemListElement":[{"@type":"ListItem","position":1,"name":"Home","item":"https:\/\/demohellostudio.it\/oldlcs\/home\/"},{"@type":"ListItem","position":2,"name":"LCS partecipa al 28\u00b0 Global Summit Logistics &#038; Supply Chain"}]},{"@type":"WebSite","@id":"https:\/\/demohellostudio.it\/oldlcs\/#website","url":"https:\/\/demohellostudio.it\/oldlcs\/","name":"LCS - You produce, we move.","description":"You produce, we move.","publisher":{"@id":"https:\/\/demohellostudio.it\/oldlcs\/#organization"},"potentialAction":[{"@type":"SearchAction","target":{"@type":"EntryPoint","urlTemplate":"https:\/\/demohellostudio.it\/oldlcs\/?s={search_term_string}"},"query-input":"required name=search_term_string"}],"inLanguage":"it-IT"},{"@type":"Organization","@id":"https:\/\/demohellostudio.it\/oldlcs\/#organization","name":"LCS Group","url":"https:\/\/demohellostudio.it\/oldlcs\/","logo":{"@type":"ImageObject","inLanguage":"it-IT","@id":"https:\/\/demohellostudio.it\/oldlcs\/#\/schema\/logo\/image\/","url":"https:\/\/demohellostudio.it\/oldlcs\/wp-content\/uploads\/2021\/05\/lcs-logo@3x.png","contentUrl":"https:\/\/demohellostudio.it\/oldlcs\/wp-content\/uploads\/2021\/05\/lcs-logo@3x.png","width":213,"height":99,"caption":"LCS Group"},"image":{"@id":"https:\/\/demohellostudio.it\/oldlcs\/#\/schema\/logo\/image\/"}},{"@type":"Person","@id":"https:\/\/demohellostudio.it\/oldlcs\/#\/schema\/person\/184a4b9245dc3fb3751d9173da641148","name":"lcsgroup","image":{"@type":"ImageObject","inLanguage":"it-IT","@id":"https:\/\/demohellostudio.it\/oldlcs\/#\/schema\/person\/image\/","url":"https:\/\/secure.gravatar.com\/avatar\/484dfec5980f926eb03a4b15b089ff5ba466e2e36022af6de3cb70817588cda1?s=96&d=mm&r=g","contentUrl":"https:\/\/secure.gravatar.com\/avatar\/484dfec5980f926eb03a4b15b089ff5ba466e2e36022af6de3cb70817588cda1?s=96&d=mm&r=g","caption":"lcsgroup"}}]}},"_links":{"self":[{"href":"https:\/\/demohellostudio.it\/oldlcs\/wp-json\/wp\/v2\/posts\/19216","targetHints":{"allow":["GET"]}}],"collection":[{"href":"https:\/\/demohellostudio.it\/oldlcs\/wp-json\/wp\/v2\/posts"}],"about":[{"href":"https:\/\/demohellostudio.it\/oldlcs\/wp-json\/wp\/v2\/types\/post"}],"author":[{"embeddable":true,"href":"https:\/\/demohellostudio.it\/oldlcs\/wp-json\/wp\/v2\/users\/10"}],"replies":[{"embeddable":true,"href":"https:\/\/demohellostudio.it\/oldlcs\/wp-json\/wp\/v2\/comments?post=19216"}],"version-history":[{"count":9,"href":"https:\/\/demohellostudio.it\/oldlcs\/wp-json\/wp\/v2\/posts\/19216\/revisions"}],"predecessor-version":[{"id":20281,"href":"https:\/\/demohellostudio.it\/oldlcs\/wp-json\/wp\/v2\/posts\/19216\/revisions\/20281"}],"wp:featuredmedia":[{"embeddable":true,"href":"https:\/\/demohellostudio.it\/oldlcs\/wp-json\/wp\/v2\/media\/20265"}],"wp:attachment":[{"href":"https:\/\/demohellostudio.it\/oldlcs\/wp-json\/wp\/v2\/media?parent=19216"}],"wp:term":[{"taxonomy":"category","embeddable":true,"href":"https:\/\/demohellostudio.it\/oldlcs\/wp-json\/wp\/v2\/categories?post=19216"},{"taxonomy":"post_tag","embeddable":true,"href":"https:\/\/demohellostudio.it\/oldlcs\/wp-json\/wp\/v2\/tags?post=19216"}],"curies":[{"name":"wp","href":"https:\/\/api.w.org\/{rel}","templated":true}]}}