{"id":15151,"date":"2021-09-29T11:28:05","date_gmt":"2021-09-29T09:28:05","guid":{"rendered":"https:\/\/demohellostudio.it\/oldlcs\/?p=15151"},"modified":"2022-08-02T16:41:37","modified_gmt":"2022-08-02T14:41:37","slug":"lcs-partecipa-all8-global-summit-logistics-manufacturing","status":"publish","type":"post","link":"https:\/\/demohellostudio.it\/oldlcs\/lcs-partecipa-all8-global-summit-logistics-manufacturing\/","title":{"rendered":"LCS partecipa all\u20198\u00b0 Global Summit Logistics &#038; Manufacturing"},"content":{"rendered":"<h2 style=\"text-align: center;\">8\u00b0 GLOBAL SUMMIT LOGISTICS &amp; MANUFACTURING<\/h2>\n<h3 style=\"text-align: center;\">17 E 18 NOVEMBRE 2021<\/h3>\n<h4 style=\"text-align: center;\"><em>Centro Congressi Hotel Parchi del Garda Pacengo di Lazise (VR)<\/em><\/h4>\n<p><img decoding=\"async\" class=\"aligncenter wp-image-15155 size-full\" src=\"https:\/\/demohellostudio.it\/oldlcs\/wp-content\/uploads\/2021\/09\/Global-Summit-NOVEMBRE-2-2048x1296-1.png\" alt=\"\" width=\"2048\" height=\"1296\" srcset=\"https:\/\/demohellostudio.it\/oldlcs\/wp-content\/uploads\/2021\/09\/Global-Summit-NOVEMBRE-2-2048x1296-1.png 2048w, https:\/\/demohellostudio.it\/oldlcs\/wp-content\/uploads\/2021\/09\/Global-Summit-NOVEMBRE-2-2048x1296-1-300x190.png 300w, https:\/\/demohellostudio.it\/oldlcs\/wp-content\/uploads\/2021\/09\/Global-Summit-NOVEMBRE-2-2048x1296-1-1024x648.png 1024w, https:\/\/demohellostudio.it\/oldlcs\/wp-content\/uploads\/2021\/09\/Global-Summit-NOVEMBRE-2-2048x1296-1-768x486.png 768w, https:\/\/demohellostudio.it\/oldlcs\/wp-content\/uploads\/2021\/09\/Global-Summit-NOVEMBRE-2-2048x1296-1-1536x972.png 1536w\" sizes=\"(max-width: 2048px) 100vw, 2048px\" \/><\/p>\n<h4 class=\"ult-spacer spacer-60b4b72bf35d0\" data-id=\"60b4b72bf35d0\" data-height=\"10\" data-height-mobile=\"10\" data-height-tab=\"10\">Dove si svolge?<\/h4>\n<p><iframe loading=\"lazy\" style=\"border: 0px; pointer-events: none;\" src=\"https:\/\/www.google.com\/maps\/embed?pb=!1m14!1m8!1m3!1d11193.589404454135!2d10.7195272!3d45.461799!3m2!1i1024!2i768!4f13.1!3m3!1m2!1s0x0%3A0x40bac86fe8b0e857!2sCentro%20Congressi%20Hotel%20Parchi%20del%20Garda!5e0!3m2!1sit!2sit!4v1570088621976!5m2!1sit!2sit\" width=\"400\" height=\"300\" frameborder=\"0\" allowfullscreen=\"allowfullscreen\"><\/iframe><\/p>\n<h4>Come partecipare<\/h4>\n<p>La partecipazione in qualit\u00e0 di visitatori al Global Summit Logistics &amp; Manufacturing \u00e8 gratuita e rivolta esclusivamente a Dirigenti e Funzionari aziendali.<\/p>\n<p>ll partecipante potr\u00e0 vivere l\u2019evento con una presenza personalizzata, entrambe le giornate o parte di esse, suddivisa tra momenti in aula d\u2019approfondimento e incontri one to one con gli espositori, per conoscere proposte, servizi e soluzioni.<\/p>\n<p>La partecipazione \u00e8 subordinata alla pre-registrazione fino ad esaurimento dei posti disponibili.<\/p>\n<p><strong>Per partecipare iscriviti, verrai rediretto direttamente sulla pagina del Global Summit.<\/strong><\/p>\n<h5 style=\"text-align: center;\"><strong><a href=\"https:\/\/glmsummit.it\/iscriviti\" target=\"_blank\" rel=\"noopener\">ISCRIVITI<\/a><\/strong><\/h5>\n<h4>L\u2019imperdibile appuntamento annuale dedicato alla business community dell\u2019intralogistica e del manufacturing<\/h4>\n<p>Al <strong>Global Summit<\/strong>, proverai la soddisfazione di partecipare al <strong>pi\u00f9 completo e dinamico<\/strong> evento \u201cbusiness oriented\u201d dedicato alle soluzioni pi\u00f9 innovative e ai sistemi integrati per la gestione della logistica e della produzione, tutto concentrato in una full immersion di due giorni.<\/p>\n<p>Avrai l\u2019opportunit\u00e0 di vivere da protagonista<strong> il pi\u00f9 importante evento<\/strong> dedicato all\u2019aggiornamento e al confronto tra professionisti, potrai conoscere e capire i moderni scenari competitivi e i trend di settore.<\/p>\n<p>Avrai la possibilit\u00e0 di incontrare aziende leader, approfondirai tutti <strong>i vantaggi e le funzionalit\u00e0 dei pi\u00f9 evoluti strumenti<\/strong> operativi e organizzativi volti all\u2019efficentamento, per tramutare i processi da costi ad opportunit\u00e0.<\/p>\n<p>Global Summit Logistics &amp; Manufacturing \u00e8 un appuntamento fondamentale per conoscere le soluzioni, gli approcci e le strategie per essere sempre pi\u00f9 performanti nella gestione di logistiche sempre pi\u00f9 complesse, \u201cdigitali\u201d in ottica 4.0, in un mercato in continua evoluzione.<\/p>\n<p>Global Summit, in due giorni da \u201cAs is\u201d a \u201cTo be\u201d!<\/p>\n","protected":false},"excerpt":{"rendered":"<p>8\u00b0 GLOBAL SUMMIT LOGISTICS &amp; MANUFACTURING 17 E 18 NOVEMBRE 2021 Centro Congressi Hotel Parchi del Garda Pacengo di Lazise (VR) Dove si svolge? Come partecipare La partecipazione in qualit\u00e0 di visitatori al Global Summit Logistics &amp; Manufacturing \u00e8 gratuita e rivolta esclusivamente a Dirigenti e Funzionari aziendali. ll partecipante potr\u00e0 vivere l\u2019evento con una [&hellip;]<\/p>\n","protected":false},"author":10,"featured_media":20298,"comment_status":"open","ping_status":"open","sticky":false,"template":"","format":"standard","meta":{"footnotes":""},"categories":[62],"tags":[],"class_list":["post-15151","post","type-post","status-publish","format-standard","has-post-thumbnail","hentry","category-eventi"],"yoast_head":"<!-- This site is optimized with the Yoast SEO plugin v20.2.1 - https:\/\/yoast.com\/wordpress\/plugins\/seo\/ -->\n<title>LCS partecipa al webinar di avvicinamento a INTRALOGISTICA ITALIA<\/title>\n<meta name=\"description\" content=\"Una speciale occasione per scoprire le innovazioni tecnologiche nella logistica di magazzino del settore fashion.\" \/>\n<meta name=\"robots\" content=\"index, follow, max-snippet:-1, max-image-preview:large, max-video-preview:-1\" \/>\n<link rel=\"canonical\" href=\"https:\/\/demohellostudio.it\/oldlcs\/lcs-partecipa-all8-global-summit-logistics-manufacturing\/\" \/>\n<meta property=\"og:locale\" content=\"it_IT\" \/>\n<meta property=\"og:type\" content=\"article\" \/>\n<meta property=\"og:title\" content=\"LCS partecipa al webinar di avvicinamento a INTRALOGISTICA ITALIA\" \/>\n<meta property=\"og:description\" content=\"Una speciale occasione per scoprire le innovazioni tecnologiche nella logistica di magazzino del settore fashion.\" \/>\n<meta property=\"og:url\" content=\"https:\/\/demohellostudio.it\/oldlcs\/lcs-partecipa-all8-global-summit-logistics-manufacturing\/\" \/>\n<meta property=\"og:site_name\" content=\"LCS - You produce, we move.\" \/>\n<meta property=\"article:published_time\" content=\"2021-09-29T09:28:05+00:00\" \/>\n<meta property=\"article:modified_time\" content=\"2022-08-02T14:41:37+00:00\" \/>\n<meta property=\"og:image\" content=\"https:\/\/demohellostudio.it\/oldlcs\/wp-content\/uploads\/2021\/10\/25.-Global-Summit-21.png\" \/>\n\t<meta property=\"og:image:width\" content=\"470\" \/>\n\t<meta property=\"og:image:height\" content=\"320\" \/>\n\t<meta property=\"og:image:type\" content=\"image\/png\" \/>\n<meta name=\"author\" content=\"lcsgroup\" \/>\n<meta name=\"twitter:card\" content=\"summary_large_image\" \/>\n<meta name=\"twitter:label1\" content=\"Scritto da\" \/>\n\t<meta name=\"twitter:data1\" content=\"lcsgroup\" \/>\n\t<meta name=\"twitter:label2\" content=\"Tempo di lettura stimato\" \/>\n\t<meta name=\"twitter:data2\" content=\"2 minuti\" \/>\n<script type=\"application\/ld+json\" class=\"yoast-schema-graph\">{\"@context\":\"https:\/\/schema.org\",\"@graph\":[{\"@type\":\"Article\",\"@id\":\"https:\/\/demohellostudio.it\/oldlcs\/lcs-partecipa-all8-global-summit-logistics-manufacturing\/#article\",\"isPartOf\":{\"@id\":\"https:\/\/demohellostudio.it\/oldlcs\/lcs-partecipa-all8-global-summit-logistics-manufacturing\/\"},\"author\":{\"name\":\"lcsgroup\",\"@id\":\"https:\/\/demohellostudio.it\/oldlcs\/#\/schema\/person\/184a4b9245dc3fb3751d9173da641148\"},\"headline\":\"LCS partecipa all\u20198\u00b0 Global Summit Logistics &#038; Manufacturing\",\"datePublished\":\"2021-09-29T09:28:05+00:00\",\"dateModified\":\"2022-08-02T14:41:37+00:00\",\"mainEntityOfPage\":{\"@id\":\"https:\/\/demohellostudio.it\/oldlcs\/lcs-partecipa-all8-global-summit-logistics-manufacturing\/\"},\"wordCount\":279,\"commentCount\":0,\"publisher\":{\"@id\":\"https:\/\/demohellostudio.it\/oldlcs\/#organization\"},\"articleSection\":[\"Eventi\"],\"inLanguage\":\"it-IT\",\"potentialAction\":[{\"@type\":\"CommentAction\",\"name\":\"Comment\",\"target\":[\"https:\/\/demohellostudio.it\/oldlcs\/lcs-partecipa-all8-global-summit-logistics-manufacturing\/#respond\"]}]},{\"@type\":\"WebPage\",\"@id\":\"https:\/\/demohellostudio.it\/oldlcs\/lcs-partecipa-all8-global-summit-logistics-manufacturing\/\",\"url\":\"https:\/\/demohellostudio.it\/oldlcs\/lcs-partecipa-all8-global-summit-logistics-manufacturing\/\",\"name\":\"LCS partecipa al webinar di avvicinamento a INTRALOGISTICA ITALIA\",\"isPartOf\":{\"@id\":\"https:\/\/demohellostudio.it\/oldlcs\/#website\"},\"datePublished\":\"2021-09-29T09:28:05+00:00\",\"dateModified\":\"2022-08-02T14:41:37+00:00\",\"description\":\"Una speciale occasione per scoprire le innovazioni tecnologiche nella logistica di magazzino del settore fashion.\",\"breadcrumb\":{\"@id\":\"https:\/\/demohellostudio.it\/oldlcs\/lcs-partecipa-all8-global-summit-logistics-manufacturing\/#breadcrumb\"},\"inLanguage\":\"it-IT\",\"potentialAction\":[{\"@type\":\"ReadAction\",\"target\":[\"https:\/\/demohellostudio.it\/oldlcs\/lcs-partecipa-all8-global-summit-logistics-manufacturing\/\"]}]},{\"@type\":\"BreadcrumbList\",\"@id\":\"https:\/\/demohellostudio.it\/oldlcs\/lcs-partecipa-all8-global-summit-logistics-manufacturing\/#breadcrumb\",\"itemListElement\":[{\"@type\":\"ListItem\",\"position\":1,\"name\":\"Home\",\"item\":\"https:\/\/demohellostudio.it\/oldlcs\/home\/\"},{\"@type\":\"ListItem\",\"position\":2,\"name\":\"LCS partecipa all\u20198\u00b0 Global Summit Logistics &#038; Manufacturing\"}]},{\"@type\":\"WebSite\",\"@id\":\"https:\/\/demohellostudio.it\/oldlcs\/#website\",\"url\":\"https:\/\/demohellostudio.it\/oldlcs\/\",\"name\":\"LCS - You produce, we move.\",\"description\":\"You produce, we move.\",\"publisher\":{\"@id\":\"https:\/\/demohellostudio.it\/oldlcs\/#organization\"},\"potentialAction\":[{\"@type\":\"SearchAction\",\"target\":{\"@type\":\"EntryPoint\",\"urlTemplate\":\"https:\/\/demohellostudio.it\/oldlcs\/?s={search_term_string}\"},\"query-input\":\"required name=search_term_string\"}],\"inLanguage\":\"it-IT\"},{\"@type\":\"Organization\",\"@id\":\"https:\/\/demohellostudio.it\/oldlcs\/#organization\",\"name\":\"LCS Group\",\"url\":\"https:\/\/demohellostudio.it\/oldlcs\/\",\"logo\":{\"@type\":\"ImageObject\",\"inLanguage\":\"it-IT\",\"@id\":\"https:\/\/demohellostudio.it\/oldlcs\/#\/schema\/logo\/image\/\",\"url\":\"https:\/\/demohellostudio.it\/oldlcs\/wp-content\/uploads\/2021\/05\/lcs-logo@3x.png\",\"contentUrl\":\"https:\/\/demohellostudio.it\/oldlcs\/wp-content\/uploads\/2021\/05\/lcs-logo@3x.png\",\"width\":213,\"height\":99,\"caption\":\"LCS Group\"},\"image\":{\"@id\":\"https:\/\/demohellostudio.it\/oldlcs\/#\/schema\/logo\/image\/\"}},{\"@type\":\"Person\",\"@id\":\"https:\/\/demohellostudio.it\/oldlcs\/#\/schema\/person\/184a4b9245dc3fb3751d9173da641148\",\"name\":\"lcsgroup\",\"image\":{\"@type\":\"ImageObject\",\"inLanguage\":\"it-IT\",\"@id\":\"https:\/\/demohellostudio.it\/oldlcs\/#\/schema\/person\/image\/\",\"url\":\"https:\/\/secure.gravatar.com\/avatar\/484dfec5980f926eb03a4b15b089ff5ba466e2e36022af6de3cb70817588cda1?s=96&d=mm&r=g\",\"contentUrl\":\"https:\/\/secure.gravatar.com\/avatar\/484dfec5980f926eb03a4b15b089ff5ba466e2e36022af6de3cb70817588cda1?s=96&d=mm&r=g\",\"caption\":\"lcsgroup\"}}]}<\/script>\n<!-- \/ Yoast SEO plugin. -->","yoast_head_json":{"title":"LCS partecipa al webinar di avvicinamento a INTRALOGISTICA ITALIA","description":"Una speciale occasione per scoprire le innovazioni tecnologiche nella logistica di magazzino del settore fashion.","robots":{"index":"index","follow":"follow","max-snippet":"max-snippet:-1","max-image-preview":"max-image-preview:large","max-video-preview":"max-video-preview:-1"},"canonical":"https:\/\/demohellostudio.it\/oldlcs\/lcs-partecipa-all8-global-summit-logistics-manufacturing\/","og_locale":"it_IT","og_type":"article","og_title":"LCS partecipa al webinar di avvicinamento a INTRALOGISTICA ITALIA","og_description":"Una speciale occasione per scoprire le innovazioni tecnologiche nella logistica di magazzino del settore fashion.","og_url":"https:\/\/demohellostudio.it\/oldlcs\/lcs-partecipa-all8-global-summit-logistics-manufacturing\/","og_site_name":"LCS - You produce, we move.","article_published_time":"2021-09-29T09:28:05+00:00","article_modified_time":"2022-08-02T14:41:37+00:00","og_image":[{"width":470,"height":320,"url":"https:\/\/demohellostudio.it\/oldlcs\/wp-content\/uploads\/2021\/10\/25.-Global-Summit-21.png","type":"image\/png"}],"author":"lcsgroup","twitter_card":"summary_large_image","twitter_misc":{"Scritto da":"lcsgroup","Tempo di lettura stimato":"2 minuti"},"schema":{"@context":"https:\/\/schema.org","@graph":[{"@type":"Article","@id":"https:\/\/demohellostudio.it\/oldlcs\/lcs-partecipa-all8-global-summit-logistics-manufacturing\/#article","isPartOf":{"@id":"https:\/\/demohellostudio.it\/oldlcs\/lcs-partecipa-all8-global-summit-logistics-manufacturing\/"},"author":{"name":"lcsgroup","@id":"https:\/\/demohellostudio.it\/oldlcs\/#\/schema\/person\/184a4b9245dc3fb3751d9173da641148"},"headline":"LCS partecipa all\u20198\u00b0 Global Summit Logistics &#038; Manufacturing","datePublished":"2021-09-29T09:28:05+00:00","dateModified":"2022-08-02T14:41:37+00:00","mainEntityOfPage":{"@id":"https:\/\/demohellostudio.it\/oldlcs\/lcs-partecipa-all8-global-summit-logistics-manufacturing\/"},"wordCount":279,"commentCount":0,"publisher":{"@id":"https:\/\/demohellostudio.it\/oldlcs\/#organization"},"articleSection":["Eventi"],"inLanguage":"it-IT","potentialAction":[{"@type":"CommentAction","name":"Comment","target":["https:\/\/demohellostudio.it\/oldlcs\/lcs-partecipa-all8-global-summit-logistics-manufacturing\/#respond"]}]},{"@type":"WebPage","@id":"https:\/\/demohellostudio.it\/oldlcs\/lcs-partecipa-all8-global-summit-logistics-manufacturing\/","url":"https:\/\/demohellostudio.it\/oldlcs\/lcs-partecipa-all8-global-summit-logistics-manufacturing\/","name":"LCS partecipa al webinar di avvicinamento a INTRALOGISTICA ITALIA","isPartOf":{"@id":"https:\/\/demohellostudio.it\/oldlcs\/#website"},"datePublished":"2021-09-29T09:28:05+00:00","dateModified":"2022-08-02T14:41:37+00:00","description":"Una speciale occasione per scoprire le innovazioni tecnologiche nella logistica di magazzino del settore fashion.","breadcrumb":{"@id":"https:\/\/demohellostudio.it\/oldlcs\/lcs-partecipa-all8-global-summit-logistics-manufacturing\/#breadcrumb"},"inLanguage":"it-IT","potentialAction":[{"@type":"ReadAction","target":["https:\/\/demohellostudio.it\/oldlcs\/lcs-partecipa-all8-global-summit-logistics-manufacturing\/"]}]},{"@type":"BreadcrumbList","@id":"https:\/\/demohellostudio.it\/oldlcs\/lcs-partecipa-all8-global-summit-logistics-manufacturing\/#breadcrumb","itemListElement":[{"@type":"ListItem","position":1,"name":"Home","item":"https:\/\/demohellostudio.it\/oldlcs\/home\/"},{"@type":"ListItem","position":2,"name":"LCS partecipa all\u20198\u00b0 Global Summit Logistics &#038; Manufacturing"}]},{"@type":"WebSite","@id":"https:\/\/demohellostudio.it\/oldlcs\/#website","url":"https:\/\/demohellostudio.it\/oldlcs\/","name":"LCS - You produce, we move.","description":"You produce, we move.","publisher":{"@id":"https:\/\/demohellostudio.it\/oldlcs\/#organization"},"potentialAction":[{"@type":"SearchAction","target":{"@type":"EntryPoint","urlTemplate":"https:\/\/demohellostudio.it\/oldlcs\/?s={search_term_string}"},"query-input":"required name=search_term_string"}],"inLanguage":"it-IT"},{"@type":"Organization","@id":"https:\/\/demohellostudio.it\/oldlcs\/#organization","name":"LCS Group","url":"https:\/\/demohellostudio.it\/oldlcs\/","logo":{"@type":"ImageObject","inLanguage":"it-IT","@id":"https:\/\/demohellostudio.it\/oldlcs\/#\/schema\/logo\/image\/","url":"https:\/\/demohellostudio.it\/oldlcs\/wp-content\/uploads\/2021\/05\/lcs-logo@3x.png","contentUrl":"https:\/\/demohellostudio.it\/oldlcs\/wp-content\/uploads\/2021\/05\/lcs-logo@3x.png","width":213,"height":99,"caption":"LCS Group"},"image":{"@id":"https:\/\/demohellostudio.it\/oldlcs\/#\/schema\/logo\/image\/"}},{"@type":"Person","@id":"https:\/\/demohellostudio.it\/oldlcs\/#\/schema\/person\/184a4b9245dc3fb3751d9173da641148","name":"lcsgroup","image":{"@type":"ImageObject","inLanguage":"it-IT","@id":"https:\/\/demohellostudio.it\/oldlcs\/#\/schema\/person\/image\/","url":"https:\/\/secure.gravatar.com\/avatar\/484dfec5980f926eb03a4b15b089ff5ba466e2e36022af6de3cb70817588cda1?s=96&d=mm&r=g","contentUrl":"https:\/\/secure.gravatar.com\/avatar\/484dfec5980f926eb03a4b15b089ff5ba466e2e36022af6de3cb70817588cda1?s=96&d=mm&r=g","caption":"lcsgroup"}}]}},"_links":{"self":[{"href":"https:\/\/demohellostudio.it\/oldlcs\/wp-json\/wp\/v2\/posts\/15151","targetHints":{"allow":["GET"]}}],"collection":[{"href":"https:\/\/demohellostudio.it\/oldlcs\/wp-json\/wp\/v2\/posts"}],"about":[{"href":"https:\/\/demohellostudio.it\/oldlcs\/wp-json\/wp\/v2\/types\/post"}],"author":[{"embeddable":true,"href":"https:\/\/demohellostudio.it\/oldlcs\/wp-json\/wp\/v2\/users\/10"}],"replies":[{"embeddable":true,"href":"https:\/\/demohellostudio.it\/oldlcs\/wp-json\/wp\/v2\/comments?post=15151"}],"version-history":[{"count":8,"href":"https:\/\/demohellostudio.it\/oldlcs\/wp-json\/wp\/v2\/posts\/15151\/revisions"}],"predecessor-version":[{"id":16835,"href":"https:\/\/demohellostudio.it\/oldlcs\/wp-json\/wp\/v2\/posts\/15151\/revisions\/16835"}],"wp:featuredmedia":[{"embeddable":true,"href":"https:\/\/demohellostudio.it\/oldlcs\/wp-json\/wp\/v2\/media\/20298"}],"wp:attachment":[{"href":"https:\/\/demohellostudio.it\/oldlcs\/wp-json\/wp\/v2\/media?parent=15151"}],"wp:term":[{"taxonomy":"category","embeddable":true,"href":"https:\/\/demohellostudio.it\/oldlcs\/wp-json\/wp\/v2\/categories?post=15151"},{"taxonomy":"post_tag","embeddable":true,"href":"https:\/\/demohellostudio.it\/oldlcs\/wp-json\/wp\/v2\/tags?post=15151"}],"curies":[{"name":"wp","href":"https:\/\/api.w.org\/{rel}","templated":true}]}}